{"id":84315,"date":"2026-09-01T20:15:09","date_gmt":"2026-09-02T02:15:09","guid":{"rendered":"https:\/\/labestiapolitica.com.mx\/?p=84315"},"modified":"2026-09-01T20:15:09","modified_gmt":"2026-09-02T02:15:09","slug":"nico-de-la-policia-municipal-de-tlaxcala-alegra-el-regreso-a-clases-del-jardin-de-ninos-enrique-pestalozzi","status":"publish","type":"post","link":"https:\/\/labestiapolitica.com.mx\/?p=84315","title":{"rendered":"Nico de la Polic\u00eda Municipal de Tlaxcala alegra el regreso a clases del jard\u00edn de ni\u00f1os Enrique Pestalozzi."},"content":{"rendered":"<p style=\"text-align: justify;\">Con motivo del inicio del ciclo escolar 2026-2027, la Direcci\u00f3n de Seguridad, Protecci\u00f3n Ciudadana y Movilidad del Municipio de Tlaxcala, a trav\u00e9s de la Unidad de Prevenci\u00f3n del Delito, acompa\u00f1\u00f3 a autoridades del preescolar Enrique Pestalozzi, ubicado sobre el Bulevar Guillermo Valle, durante la apertura y bienvenida a las y los estudiantes.<\/p>\n<p style=\"text-align: justify;\">En esta jornada, personal de la corporaci\u00f3n particip\u00f3 en el recibimiento de las ni\u00f1as y ni\u00f1os de nuevo ingreso, as\u00ed como de los diferentes niveles educativos, como parte de las acciones de proximidad que buscan generar un entorno de confianza y seguridad para la comunidad escolar.<\/p>\n<p style=\"text-align: justify;\">El acercamiento con estudiantes, madres y padres de familia permite fortalecer la comunicaci\u00f3n directa con las autoridades municipales y promover una cultura de prevenci\u00f3n desde las primeras etapas de formaci\u00f3n.<\/p>\n<p style=\"text-align: justify;\">Con estas acciones, el Ayuntamiento de Tlaxcala mantiene presencia cercana en los espacios educativos y contribuye a que el regreso a clases se desarrolle en condiciones de tranquilidad, favoreciendo la construcci\u00f3n de v\u00ednculos de confianza entre las familias, las escuelas y las instituciones de seguridad.<\/p>\n<p>&nbsp;<\/p>\n<p><img loading=\"lazy\" decoding=\"async\" class=\"aligncenter wp-image-79046 size-large\" src=\"https:\/\/labestiapolitica.com.mx\/wp-content\/uploads\/2026\/07\/AJ-uni-819x1024.jpeg\" alt=\"\" width=\"640\" height=\"800\" srcset=\"https:\/\/labestiapolitica.com.mx\/wp-content\/uploads\/2026\/07\/AJ-uni-819x1024.jpeg 819w, https:\/\/labestiapolitica.com.mx\/wp-content\/uploads\/2026\/07\/AJ-uni-240x300.jpeg 240w, https:\/\/labestiapolitica.com.mx\/wp-content\/uploads\/2026\/07\/AJ-uni-768x960.jpeg 768w, https:\/\/labestiapolitica.com.mx\/wp-content\/uploads\/2026\/07\/AJ-uni.jpeg 1080w\" sizes=\"auto, (max-width: 640px) 100vw, 640px\" \/><\/p>\n","protected":false},"excerpt":{"rendered":"<p>Con motivo del inicio del ciclo escolar 2026-2027, la Direcci\u00f3n de Seguridad, Protecci\u00f3n Ciudadana y Movilidad del Municipio de Tlaxcala, a trav\u00e9s de la Unidad de Prevenci\u00f3n del Delito, acompa\u00f1\u00f3 a autoridades del preescolar Enrique Pestalozzi, ubicado sobre el Bulevar Guillermo Valle, durante la apertura y bienvenida a las y los estudiantes. En esta jornada, [&hellip;]<\/p>\n","protected":false},"author":5,"featured_media":84316,"comment_status":"open","ping_status":"open","sticky":false,"template":"","format":"standard","meta":{"footnotes":""},"categories":[216,214],"tags":[],"class_list":["post-84315","post","type-post","status-publish","format-standard","has-post-thumbnail","hentry","category-municipios","category-tlaxcala-capital"],"amp_enabled":true,"_links":{"self":[{"href":"https:\/\/labestiapolitica.com.mx\/index.php?rest_route=\/wp\/v2\/posts\/84315","targetHints":{"allow":["GET"]}}],"collection":[{"href":"https:\/\/labestiapolitica.com.mx\/index.php?rest_route=\/wp\/v2\/posts"}],"about":[{"href":"https:\/\/labestiapolitica.com.mx\/index.php?rest_route=\/wp\/v2\/types\/post"}],"author":[{"embeddable":true,"href":"https:\/\/labestiapolitica.com.mx\/index.php?rest_route=\/wp\/v2\/users\/5"}],"replies":[{"embeddable":true,"href":"https:\/\/labestiapolitica.com.mx\/index.php?rest_route=%2Fwp%2Fv2%2Fcomments&post=84315"}],"version-history":[{"count":1,"href":"https:\/\/labestiapolitica.com.mx\/index.php?rest_route=\/wp\/v2\/posts\/84315\/revisions"}],"predecessor-version":[{"id":84317,"href":"https:\/\/labestiapolitica.com.mx\/index.php?rest_route=\/wp\/v2\/posts\/84315\/revisions\/84317"}],"wp:featuredmedia":[{"embeddable":true,"href":"https:\/\/labestiapolitica.com.mx\/index.php?rest_route=\/wp\/v2\/media\/84316"}],"wp:attachment":[{"href":"https:\/\/labestiapolitica.com.mx\/index.php?rest_route=%2Fwp%2Fv2%2Fmedia&parent=84315"}],"wp:term":[{"taxonomy":"category","embeddable":true,"href":"https:\/\/labestiapolitica.com.mx\/index.php?rest_route=%2Fwp%2Fv2%2Fcategories&post=84315"},{"taxonomy":"post_tag","embeddable":true,"href":"https:\/\/labestiapolitica.com.mx\/index.php?rest_route=%2Fwp%2Fv2%2Ftags&post=84315"}],"curies":[{"name":"wp","href":"https:\/\/api.w.org\/{rel}","templated":true}]}}