{"id":84318,"date":"2026-09-01T20:18:41","date_gmt":"2026-09-02T02:18:41","guid":{"rendered":"https:\/\/labestiapolitica.com.mx\/?p=84318"},"modified":"2026-09-01T20:18:41","modified_gmt":"2026-09-02T02:18:41","slug":"ayuntamiento-de-tlaxcala-retira-material-colapsado-de-barda-del-ex-convento-de-san-francisco","status":"publish","type":"post","link":"https:\/\/labestiapolitica.com.mx\/?p=84318","title":{"rendered":"Ayuntamiento de Tlaxcala retira material colapsado de barda del ex convento de San Francisco."},"content":{"rendered":"<p style=\"text-align: justify;\">El Ayuntamiento de Tlaxcala, a trav\u00e9s de la Direcci\u00f3n de Obras P\u00fablicas y Desarrollo Urbano, realiz\u00f3 este martes trabajos de retiro del material colapsado de la barda perimetral del Conjunto Conventual Franciscano y Catedralicio de Nuestra Se\u00f1ora de la Asunci\u00f3n, como parte de las acciones de atenci\u00f3n y prevenci\u00f3n implementadas en la zona.<\/p>\n<p style=\"text-align: justify;\">Brigadas de personal municipal llevaron a cabo estas labores con el objetivo de mantener el \u00e1rea en condiciones adecuadas y preparar el espacio para las acciones posteriores de restauraci\u00f3n y conservaci\u00f3n.<\/p>\n<p style=\"text-align: justify;\">Los trabajos ejecutados este d\u00eda se suman a la atenci\u00f3n que el Gobierno Municipal mantiene en el sitio, luego del desprendimiento de una parte del muro, inmueble reconocido por la UNESCO como Patrimonio Mundial.<\/p>\n<p style=\"text-align: justify;\">Desde el momento en que se registr\u00f3 el incidente, personal de Obras P\u00fablicas y Protecci\u00f3n Civil Municipal acudi\u00f3 para realizar una valoraci\u00f3n de las condiciones del \u00e1rea y verificar posibles riesgos.<\/p>\n<p style=\"text-align: justify;\">De acuerdo con la revisi\u00f3n inicial, el desprendimiento estar\u00eda relacionado con el reblandecimiento del material ocasionado por las lluvias registradas durante los \u00faltimos d\u00edas.<\/p>\n<p style=\"text-align: justify;\">Como medida preventiva, el Ayuntamiento mantiene vigilancia en la zona y exhorta a la ciudadan\u00eda a evitar acercarse al \u00e1rea afectada, con la finalidad de salvaguardar la integridad de quienes transitan por este punto de la capital.<\/p>\n<p style=\"text-align: justify;\">Debido al valor hist\u00f3rico y patrimonial del inmueble, cualquier intervenci\u00f3n de restauraci\u00f3n deber\u00e1 contar con la valoraci\u00f3n y autorizaci\u00f3n correspondiente del Instituto Nacional de Antropolog\u00eda e Historia (INAH), autoridad encargada de establecer los criterios para la conservaci\u00f3n de este tipo de bienes.<\/p>\n<p>&nbsp;<\/p>\n<p><img loading=\"lazy\" decoding=\"async\" class=\"aligncenter wp-image-79046 size-large\" src=\"https:\/\/labestiapolitica.com.mx\/wp-content\/uploads\/2026\/07\/AJ-uni-819x1024.jpeg\" alt=\"\" width=\"640\" height=\"800\" srcset=\"https:\/\/labestiapolitica.com.mx\/wp-content\/uploads\/2026\/07\/AJ-uni-819x1024.jpeg 819w, https:\/\/labestiapolitica.com.mx\/wp-content\/uploads\/2026\/07\/AJ-uni-240x300.jpeg 240w, https:\/\/labestiapolitica.com.mx\/wp-content\/uploads\/2026\/07\/AJ-uni-768x960.jpeg 768w, https:\/\/labestiapolitica.com.mx\/wp-content\/uploads\/2026\/07\/AJ-uni.jpeg 1080w\" sizes=\"auto, (max-width: 640px) 100vw, 640px\" \/><\/p>\n","protected":false},"excerpt":{"rendered":"<p>El Ayuntamiento de Tlaxcala, a trav\u00e9s de la Direcci\u00f3n de Obras P\u00fablicas y Desarrollo Urbano, realiz\u00f3 este martes trabajos de retiro del material colapsado de la barda perimetral del Conjunto Conventual Franciscano y Catedralicio de Nuestra Se\u00f1ora de la Asunci\u00f3n, como parte de las acciones de atenci\u00f3n y prevenci\u00f3n implementadas en la zona. Brigadas de [&hellip;]<\/p>\n","protected":false},"author":5,"featured_media":84319,"comment_status":"open","ping_status":"open","sticky":false,"template":"","format":"standard","meta":{"footnotes":""},"categories":[216,214],"tags":[],"class_list":["post-84318","post","type-post","status-publish","format-standard","has-post-thumbnail","hentry","category-municipios","category-tlaxcala-capital"],"amp_enabled":true,"_links":{"self":[{"href":"https:\/\/labestiapolitica.com.mx\/index.php?rest_route=\/wp\/v2\/posts\/84318","targetHints":{"allow":["GET"]}}],"collection":[{"href":"https:\/\/labestiapolitica.com.mx\/index.php?rest_route=\/wp\/v2\/posts"}],"about":[{"href":"https:\/\/labestiapolitica.com.mx\/index.php?rest_route=\/wp\/v2\/types\/post"}],"author":[{"embeddable":true,"href":"https:\/\/labestiapolitica.com.mx\/index.php?rest_route=\/wp\/v2\/users\/5"}],"replies":[{"embeddable":true,"href":"https:\/\/labestiapolitica.com.mx\/index.php?rest_route=%2Fwp%2Fv2%2Fcomments&post=84318"}],"version-history":[{"count":1,"href":"https:\/\/labestiapolitica.com.mx\/index.php?rest_route=\/wp\/v2\/posts\/84318\/revisions"}],"predecessor-version":[{"id":84320,"href":"https:\/\/labestiapolitica.com.mx\/index.php?rest_route=\/wp\/v2\/posts\/84318\/revisions\/84320"}],"wp:featuredmedia":[{"embeddable":true,"href":"https:\/\/labestiapolitica.com.mx\/index.php?rest_route=\/wp\/v2\/media\/84319"}],"wp:attachment":[{"href":"https:\/\/labestiapolitica.com.mx\/index.php?rest_route=%2Fwp%2Fv2%2Fmedia&parent=84318"}],"wp:term":[{"taxonomy":"category","embeddable":true,"href":"https:\/\/labestiapolitica.com.mx\/index.php?rest_route=%2Fwp%2Fv2%2Fcategories&post=84318"},{"taxonomy":"post_tag","embeddable":true,"href":"https:\/\/labestiapolitica.com.mx\/index.php?rest_route=%2Fwp%2Fv2%2Ftags&post=84318"}],"curies":[{"name":"wp","href":"https:\/\/api.w.org\/{rel}","templated":true}]}}