{"id":84322,"date":"2026-09-01T22:22:04","date_gmt":"2026-09-02T04:22:04","guid":{"rendered":"https:\/\/labestiapolitica.com.mx\/?p=84322"},"modified":"2026-09-01T22:22:04","modified_gmt":"2026-09-02T04:22:04","slug":"tlaxcala-capital-clausura-ciclo-de-talleres-de-danza-con-presentacion-artistica","status":"publish","type":"post","link":"https:\/\/labestiapolitica.com.mx\/?p=84322","title":{"rendered":"Tlaxcala Capital clausura ciclo de talleres de danza con presentaci\u00f3n art\u00edstica."},"content":{"rendered":"<p style=\"text-align: justify;\">La Direcci\u00f3n de Cultura del Ayuntamiento de Tlaxcala llev\u00f3 a cabo la clausura del ciclo de talleres de danza, con una presentaci\u00f3n art\u00edstica en la que las participantes demostraron lo aprendido durante este periodo.<\/p>\n<p style=\"text-align: justify;\">El programa incluy\u00f3 presentaciones de danza polinesia, bailes latinos y ballet en sus niveles I, II y III, donde ni\u00f1as y j\u00f3venes compartieron con sus familias y p\u00fablico asistente el resultado de su esfuerzo, dedicaci\u00f3n y constancia.<\/p>\n<p style=\"text-align: justify;\">La Direcci\u00f3n de Cultura agradeci\u00f3 la entrega y compromiso de las maestras y maestros que hicieron posible este proceso formativo, Abiga\u00edl Merchant Rom\u00e1n, de Danza Polinesia; Leonel Rosales Conde, de Bailes Latinos y Darinka R\u00edos R\u00edos, de Ballet.<\/p>\n<p style=\"text-align: justify;\">El Ayuntamiento de Tlaxcala acerca actividades culturales y art\u00edsticas que contribuyen al desarrollo integral de la ni\u00f1ez y juventud, al tiempo que impulsa espacios donde puedan descubrir y fortalecer sus talentos, expresar su creatividad y crecer a trav\u00e9s de la disciplina y el arte.<\/p>\n<p>&nbsp;<\/p>\n<p><img loading=\"lazy\" decoding=\"async\" class=\"aligncenter wp-image-79046 size-large\" src=\"https:\/\/labestiapolitica.com.mx\/wp-content\/uploads\/2026\/07\/AJ-uni-819x1024.jpeg\" alt=\"\" width=\"640\" height=\"800\" srcset=\"https:\/\/labestiapolitica.com.mx\/wp-content\/uploads\/2026\/07\/AJ-uni-819x1024.jpeg 819w, https:\/\/labestiapolitica.com.mx\/wp-content\/uploads\/2026\/07\/AJ-uni-240x300.jpeg 240w, https:\/\/labestiapolitica.com.mx\/wp-content\/uploads\/2026\/07\/AJ-uni-768x960.jpeg 768w, https:\/\/labestiapolitica.com.mx\/wp-content\/uploads\/2026\/07\/AJ-uni.jpeg 1080w\" sizes=\"auto, (max-width: 640px) 100vw, 640px\" \/><\/p>\n","protected":false},"excerpt":{"rendered":"<p>La Direcci\u00f3n de Cultura del Ayuntamiento de Tlaxcala llev\u00f3 a cabo la clausura del ciclo de talleres de danza, con una presentaci\u00f3n art\u00edstica en la que las participantes demostraron lo aprendido durante este periodo. El programa incluy\u00f3 presentaciones de danza polinesia, bailes latinos y ballet en sus niveles I, II y III, donde ni\u00f1as y [&hellip;]<\/p>\n","protected":false},"author":5,"featured_media":84323,"comment_status":"open","ping_status":"open","sticky":false,"template":"","format":"standard","meta":{"footnotes":""},"categories":[216,214],"tags":[],"class_list":["post-84322","post","type-post","status-publish","format-standard","has-post-thumbnail","hentry","category-municipios","category-tlaxcala-capital"],"amp_enabled":true,"_links":{"self":[{"href":"https:\/\/labestiapolitica.com.mx\/index.php?rest_route=\/wp\/v2\/posts\/84322","targetHints":{"allow":["GET"]}}],"collection":[{"href":"https:\/\/labestiapolitica.com.mx\/index.php?rest_route=\/wp\/v2\/posts"}],"about":[{"href":"https:\/\/labestiapolitica.com.mx\/index.php?rest_route=\/wp\/v2\/types\/post"}],"author":[{"embeddable":true,"href":"https:\/\/labestiapolitica.com.mx\/index.php?rest_route=\/wp\/v2\/users\/5"}],"replies":[{"embeddable":true,"href":"https:\/\/labestiapolitica.com.mx\/index.php?rest_route=%2Fwp%2Fv2%2Fcomments&post=84322"}],"version-history":[{"count":1,"href":"https:\/\/labestiapolitica.com.mx\/index.php?rest_route=\/wp\/v2\/posts\/84322\/revisions"}],"predecessor-version":[{"id":84324,"href":"https:\/\/labestiapolitica.com.mx\/index.php?rest_route=\/wp\/v2\/posts\/84322\/revisions\/84324"}],"wp:featuredmedia":[{"embeddable":true,"href":"https:\/\/labestiapolitica.com.mx\/index.php?rest_route=\/wp\/v2\/media\/84323"}],"wp:attachment":[{"href":"https:\/\/labestiapolitica.com.mx\/index.php?rest_route=%2Fwp%2Fv2%2Fmedia&parent=84322"}],"wp:term":[{"taxonomy":"category","embeddable":true,"href":"https:\/\/labestiapolitica.com.mx\/index.php?rest_route=%2Fwp%2Fv2%2Fcategories&post=84322"},{"taxonomy":"post_tag","embeddable":true,"href":"https:\/\/labestiapolitica.com.mx\/index.php?rest_route=%2Fwp%2Fv2%2Ftags&post=84322"}],"curies":[{"name":"wp","href":"https:\/\/api.w.org\/{rel}","templated":true}]}}