{"id":84325,"date":"2026-09-01T22:23:36","date_gmt":"2026-09-02T04:23:36","guid":{"rendered":"https:\/\/labestiapolitica.com.mx\/?p=84325"},"modified":"2026-09-01T22:23:36","modified_gmt":"2026-09-02T04:23:36","slug":"apizaco-se-ilumina-con-los-colores-patrios-para-recibir-septiembre","status":"publish","type":"post","link":"https:\/\/labestiapolitica.com.mx\/?p=84325","title":{"rendered":"Apizaco se ilumina con los colores patrios para recibir septiembre."},"content":{"rendered":"<p style=\"text-align: justify;\"><em><strong>Demian M\u00e1rquez<\/strong><\/em> | Con m\u00fasica de mariachi, familias y un ambiente festivo, el Ayuntamiento de Apizaco realiz\u00f3 el encendido del alumbrado conmemorativo de las fiestas patrias, con el que las principales zonas del municipio se vistieron de verde, blanco y rojo para celebrar el inicio de septiembre.<\/p>\n<p style=\"text-align: justify;\">El presidente municipal, Javier Rivera Bonilla, encabez\u00f3 la ceremonia en la explanada del Parque Cuauht\u00e9moc, donde destac\u00f3 que la decoraci\u00f3n busca generar un espacio de convivencia para las familias y mantener presentes los valores, tradiciones e identidad nacional durante el mes patrio.<\/p>\n<p style=\"text-align: justify;\">Rivera Bonilla se\u00f1al\u00f3 que las luces representan un homenaje a las mujeres y hombres que participaron en la lucha por la Independencia de M\u00e9xico, pero tambi\u00e9n simbolizan, dijo, la esperanza y el trabajo de los habitantes de Apizaco para construir mejores condiciones en el municipio.<\/p>\n<p style=\"text-align: justify;\">Ante integrantes del Cabildo, servidores p\u00fablicos y ciudadanos, el alcalde llam\u00f3 a mantener la unidad y la solidaridad como elementos fundamentales para el desarrollo de Apizaco.<\/p>\n<p style=\"text-align: justify;\">Tambi\u00e9n afirm\u00f3 que el patriotismo debe reflejarse en acciones y en el bienestar de las familias.<\/p>\n<p style=\"text-align: justify;\">Con el tradicional conteo regresivo, autoridades y ciudadanos encendieron la decoraci\u00f3n patria instalada en distintos puntos de la ciudad, dando paso oficialmente al ambiente de las celebraciones de septiembre.<\/p>\n","protected":false},"excerpt":{"rendered":"<p>Demian M\u00e1rquez | Con m\u00fasica de mariachi, familias y un ambiente festivo, el Ayuntamiento de Apizaco realiz\u00f3 el encendido del alumbrado conmemorativo de las fiestas patrias, con el que las principales zonas del municipio se vistieron de verde, blanco y rojo para celebrar el inicio de septiembre. El presidente municipal, Javier Rivera Bonilla, encabez\u00f3 la [&hellip;]<\/p>\n","protected":false},"author":5,"featured_media":84326,"comment_status":"open","ping_status":"open","sticky":false,"template":"","format":"standard","meta":{"footnotes":""},"categories":[226,216],"tags":[],"class_list":["post-84325","post","type-post","status-publish","format-standard","has-post-thumbnail","hentry","category-apizaco","category-municipios"],"amp_enabled":true,"_links":{"self":[{"href":"https:\/\/labestiapolitica.com.mx\/index.php?rest_route=\/wp\/v2\/posts\/84325","targetHints":{"allow":["GET"]}}],"collection":[{"href":"https:\/\/labestiapolitica.com.mx\/index.php?rest_route=\/wp\/v2\/posts"}],"about":[{"href":"https:\/\/labestiapolitica.com.mx\/index.php?rest_route=\/wp\/v2\/types\/post"}],"author":[{"embeddable":true,"href":"https:\/\/labestiapolitica.com.mx\/index.php?rest_route=\/wp\/v2\/users\/5"}],"replies":[{"embeddable":true,"href":"https:\/\/labestiapolitica.com.mx\/index.php?rest_route=%2Fwp%2Fv2%2Fcomments&post=84325"}],"version-history":[{"count":1,"href":"https:\/\/labestiapolitica.com.mx\/index.php?rest_route=\/wp\/v2\/posts\/84325\/revisions"}],"predecessor-version":[{"id":84327,"href":"https:\/\/labestiapolitica.com.mx\/index.php?rest_route=\/wp\/v2\/posts\/84325\/revisions\/84327"}],"wp:featuredmedia":[{"embeddable":true,"href":"https:\/\/labestiapolitica.com.mx\/index.php?rest_route=\/wp\/v2\/media\/84326"}],"wp:attachment":[{"href":"https:\/\/labestiapolitica.com.mx\/index.php?rest_route=%2Fwp%2Fv2%2Fmedia&parent=84325"}],"wp:term":[{"taxonomy":"category","embeddable":true,"href":"https:\/\/labestiapolitica.com.mx\/index.php?rest_route=%2Fwp%2Fv2%2Fcategories&post=84325"},{"taxonomy":"post_tag","embeddable":true,"href":"https:\/\/labestiapolitica.com.mx\/index.php?rest_route=%2Fwp%2Fv2%2Ftags&post=84325"}],"curies":[{"name":"wp","href":"https:\/\/api.w.org\/{rel}","templated":true}]}}