{"id":84328,"date":"2026-09-01T22:25:21","date_gmt":"2026-09-02T04:25:21","guid":{"rendered":"https:\/\/labestiapolitica.com.mx\/?p=84328"},"modified":"2026-09-01T22:25:21","modified_gmt":"2026-09-02T04:25:21","slug":"apizaco-prepara-fiestas-patrias-y-proyecta-nuevo-techado-para-la-plaza-de-toros","status":"publish","type":"post","link":"https:\/\/labestiapolitica.com.mx\/?p=84328","title":{"rendered":"Apizaco prepara fiestas patrias y proyecta nuevo techado para la Plaza de Toros."},"content":{"rendered":"<p style=\"text-align: justify;\"><em><strong>Demian M\u00e1rquez<\/strong> <\/em>| Tras el encendido del alumbrado patrio en el centro de Apizaco, el presidente municipal Javier Rivera Bonilla destac\u00f3 el inicio de las actividades de septiembre y reconoci\u00f3 que la lluvia redujo la asistencia al evento.<\/p>\n<p style=\"text-align: justify;\">Aun as\u00ed, se\u00f1al\u00f3 que el objetivo fue generar un espacio para que las familias puedan disfrutar de la decoraci\u00f3n y el ambiente de las fiestas patrias.<\/p>\n<p style=\"text-align: justify;\">El alcalde adelant\u00f3 que el programa contempla diversas actividades durante el mes, entre ellas la celebraci\u00f3n del 15 de septiembre, para la que se tiene prevista la presentaci\u00f3n del grupo chileno Super Cumbia y Los Super Caracoles.<\/p>\n<p style=\"text-align: justify;\">Indic\u00f3 que se preparan m\u00e1s eventos en distintos espacios del municipio, aunque algunos detalles de la cartelera todav\u00eda est\u00e1n por definirse.<\/p>\n<p style=\"text-align: justify;\">Rivera Bonilla tambi\u00e9n confirm\u00f3 una inversi\u00f3n de aproximadamente 1.8 millones de pesos para proyectos relacionados con infraestructura y actividades del municipio, adem\u00e1s de se\u00f1alar que se contempla contar con un nuevo espacio para la pr\u00e1ctica de ajedrez, cuya ejecuci\u00f3n se prev\u00e9 para el pr\u00f3ximo a\u00f1o.<\/p>\n<p style=\"text-align: justify;\">Uno de los proyectos que destac\u00f3 fue el techado de la Plaza de Toros de Apizaco, obra que, asegur\u00f3, ya cuenta con un proyecto ejecutivo y se encuentra en proceso de licitaci\u00f3n.<\/p>\n<p style=\"text-align: justify;\">El presidente municipal afirm\u00f3 que la estructura ha sido dise\u00f1ada por especialistas con experiencia y que se busca evitar afectaciones a la visibilidad del recinto.<\/p>\n<p style=\"text-align: justify;\">Finalmente, Rivera Bonilla se comprometi\u00f3 a presentar el proyecto a los medios de comunicaci\u00f3n en aproximadamente una semana, con el prop\u00f3sito de que puedan conocer mediante im\u00e1genes c\u00f3mo quedar\u00e1 la estructura que se pretende construir en la Plaza de Toros.<\/p>\n","protected":false},"excerpt":{"rendered":"<p>Demian M\u00e1rquez | Tras el encendido del alumbrado patrio en el centro de Apizaco, el presidente municipal Javier Rivera Bonilla destac\u00f3 el inicio de las actividades de septiembre y reconoci\u00f3 que la lluvia redujo la asistencia al evento. Aun as\u00ed, se\u00f1al\u00f3 que el objetivo fue generar un espacio para que las familias puedan disfrutar de [&hellip;]<\/p>\n","protected":false},"author":5,"featured_media":84329,"comment_status":"open","ping_status":"open","sticky":false,"template":"","format":"standard","meta":{"footnotes":""},"categories":[3,226,216],"tags":[],"class_list":["post-84328","post","type-post","status-publish","format-standard","has-post-thumbnail","hentry","category-8-columnas","category-apizaco","category-municipios"],"amp_enabled":true,"_links":{"self":[{"href":"https:\/\/labestiapolitica.com.mx\/index.php?rest_route=\/wp\/v2\/posts\/84328","targetHints":{"allow":["GET"]}}],"collection":[{"href":"https:\/\/labestiapolitica.com.mx\/index.php?rest_route=\/wp\/v2\/posts"}],"about":[{"href":"https:\/\/labestiapolitica.com.mx\/index.php?rest_route=\/wp\/v2\/types\/post"}],"author":[{"embeddable":true,"href":"https:\/\/labestiapolitica.com.mx\/index.php?rest_route=\/wp\/v2\/users\/5"}],"replies":[{"embeddable":true,"href":"https:\/\/labestiapolitica.com.mx\/index.php?rest_route=%2Fwp%2Fv2%2Fcomments&post=84328"}],"version-history":[{"count":1,"href":"https:\/\/labestiapolitica.com.mx\/index.php?rest_route=\/wp\/v2\/posts\/84328\/revisions"}],"predecessor-version":[{"id":84330,"href":"https:\/\/labestiapolitica.com.mx\/index.php?rest_route=\/wp\/v2\/posts\/84328\/revisions\/84330"}],"wp:featuredmedia":[{"embeddable":true,"href":"https:\/\/labestiapolitica.com.mx\/index.php?rest_route=\/wp\/v2\/media\/84329"}],"wp:attachment":[{"href":"https:\/\/labestiapolitica.com.mx\/index.php?rest_route=%2Fwp%2Fv2%2Fmedia&parent=84328"}],"wp:term":[{"taxonomy":"category","embeddable":true,"href":"https:\/\/labestiapolitica.com.mx\/index.php?rest_route=%2Fwp%2Fv2%2Fcategories&post=84328"},{"taxonomy":"post_tag","embeddable":true,"href":"https:\/\/labestiapolitica.com.mx\/index.php?rest_route=%2Fwp%2Fv2%2Ftags&post=84328"}],"curies":[{"name":"wp","href":"https:\/\/api.w.org\/{rel}","templated":true}]}}