{"id":84331,"date":"2026-09-01T22:28:38","date_gmt":"2026-09-02T04:28:38","guid":{"rendered":"https:\/\/labestiapolitica.com.mx\/?p=84331"},"modified":"2026-09-01T22:30:18","modified_gmt":"2026-09-02T04:30:18","slug":"ratifica-congreso-por-unanimidad-a-ever-campech-como-presidente-de-la-jccp","status":"publish","type":"post","link":"https:\/\/labestiapolitica.com.mx\/?p=84331","title":{"rendered":"Ratifica Congreso por unanimidad a Ever Campech como presidente de la JCCP."},"content":{"rendered":"<ul>\n<li style=\"font-weight: 400; text-align: justify;\"><em>Vicente Morales fue ratificado en el Comit\u00e9 de Administraci\u00f3n.<\/em><\/li>\n<\/ul>\n<p style=\"font-weight: 400; text-align: justify;\">Durante la Sesi\u00f3n Ordinaria de este martes, las y los diputados de la LXV Legislatura ratificaron al diputado Ever Alejandro Campech Avelar, como presidente de la Junta de Coordinaci\u00f3n y Concertaci\u00f3n Pol\u00edtica (JCCP) para el Tercer A\u00f1o de Ejercicio Legal del Congreso del Estado.<\/p>\n<p style=\"font-weight: 400; text-align: justify;\">La gobernabilidad y los acuerdos que han prevalecido en el Congreso del Estado han sido fundamentales para consolidar un trabajo legislativo basado en el di\u00e1logo y el consenso. Muestra de ello es que, por tercer a\u00f1o consecutivo y de manera un\u00e1nime, las diputadas y los diputados han otorgado su confianza al legislador para encabezar la Junta de Coordinaci\u00f3n y Concertaci\u00f3n Pol\u00edtica (JCCP), convirti\u00e9ndose en el primer diputado en las \u00faltimas legislaturas, en presidir este \u00f3rgano de gobierno durante tres a\u00f1os consecutivos.<\/p>\n<p style=\"font-weight: 400; text-align: justify;\">Asimismo, fue ratificado el diputado Vicente Morales P\u00e9rez como presidente del Comit\u00e9 de Administraci\u00f3n, as\u00ed como las diputadas Maribel Cervantes Hern\u00e1ndez como representante del Grupo Parlamentario del Partido del Trabajo y Engracia Morales Delgado por Nueva Alianza Tlaxcala, con lo que qued\u00f3 definida la representaci\u00f3n en el \u00f3rgano encargado de atender los asuntos relacionados con la administraci\u00f3n y el funcionamiento interno del Poder Legislativo<\/p>\n<p style=\"font-weight: 400; text-align: justify;\">Como parte de los acuerdos y comunicaciones presentados ante el Pleno, tambi\u00e9n se inform\u00f3 sobre la integraci\u00f3n de las coordinaciones de los grupos parlamentarios y las representaciones de los partidos pol\u00edticos.<\/p>\n<p style=\"font-weight: 400; text-align: justify;\">El diputado Silvano Garay Loredo fue designado coordinador del Grupo Parlamentario del Partido del Trabajo y \u00a0el diputado Bladimir Zainos Flores como coordinador del Grupo Parlamentario de Nueva Alianza Tlaxcala.<\/p>\n<p style=\"font-weight: 400; text-align: justify;\">La diputada Reyna Flor B\u00e1ez Lozano representar\u00e1 a Fuerza por M\u00e9xico Tlaxcala, Sandra Guadalupe Aguilar Vega al Partido Revolucionario Institucional, Laura Yamili Flores Lozano al Partido de la Revoluci\u00f3n Democr\u00e1tica Tlaxcala, el diputado H\u00e9ctor Israel Ortiz Ortiz al Partido Alianza Ciudadana, la diputada Mar\u00eda Aurora Villeda Temoltzin a Redes Sociales Progresistas y la diputada Miriam Esmeralda Mart\u00ednez S\u00e1nchez al Partido Acci\u00f3n Nacional.<\/p>\n<p>&nbsp;<\/p>\n<p><img loading=\"lazy\" decoding=\"async\" class=\"aligncenter wp-image-79046 size-large\" src=\"https:\/\/labestiapolitica.com.mx\/wp-content\/uploads\/2026\/07\/AJ-uni-819x1024.jpeg\" alt=\"\" width=\"640\" height=\"800\" srcset=\"https:\/\/labestiapolitica.com.mx\/wp-content\/uploads\/2026\/07\/AJ-uni-819x1024.jpeg 819w, https:\/\/labestiapolitica.com.mx\/wp-content\/uploads\/2026\/07\/AJ-uni-240x300.jpeg 240w, https:\/\/labestiapolitica.com.mx\/wp-content\/uploads\/2026\/07\/AJ-uni-768x960.jpeg 768w, https:\/\/labestiapolitica.com.mx\/wp-content\/uploads\/2026\/07\/AJ-uni.jpeg 1080w\" sizes=\"auto, (max-width: 640px) 100vw, 640px\" \/><\/p>\n","protected":false},"excerpt":{"rendered":"<p>Vicente Morales fue ratificado en el Comit\u00e9 de Administraci\u00f3n. Durante la Sesi\u00f3n Ordinaria de este martes, las y los diputados de la LXV Legislatura ratificaron al diputado Ever Alejandro Campech Avelar, como presidente de la Junta de Coordinaci\u00f3n y Concertaci\u00f3n Pol\u00edtica (JCCP) para el Tercer A\u00f1o de Ejercicio Legal del Congreso del Estado. La gobernabilidad [&hellip;]<\/p>\n","protected":false},"author":5,"featured_media":84332,"comment_status":"open","ping_status":"open","sticky":false,"template":"","format":"standard","meta":{"footnotes":""},"categories":[224,247],"tags":[],"class_list":["post-84331","post","type-post","status-publish","format-standard","has-post-thumbnail","hentry","category-congreso-del-estado-de-tlaxcala","category-politica"],"amp_enabled":true,"_links":{"self":[{"href":"https:\/\/labestiapolitica.com.mx\/index.php?rest_route=\/wp\/v2\/posts\/84331","targetHints":{"allow":["GET"]}}],"collection":[{"href":"https:\/\/labestiapolitica.com.mx\/index.php?rest_route=\/wp\/v2\/posts"}],"about":[{"href":"https:\/\/labestiapolitica.com.mx\/index.php?rest_route=\/wp\/v2\/types\/post"}],"author":[{"embeddable":true,"href":"https:\/\/labestiapolitica.com.mx\/index.php?rest_route=\/wp\/v2\/users\/5"}],"replies":[{"embeddable":true,"href":"https:\/\/labestiapolitica.com.mx\/index.php?rest_route=%2Fwp%2Fv2%2Fcomments&post=84331"}],"version-history":[{"count":1,"href":"https:\/\/labestiapolitica.com.mx\/index.php?rest_route=\/wp\/v2\/posts\/84331\/revisions"}],"predecessor-version":[{"id":84333,"href":"https:\/\/labestiapolitica.com.mx\/index.php?rest_route=\/wp\/v2\/posts\/84331\/revisions\/84333"}],"wp:featuredmedia":[{"embeddable":true,"href":"https:\/\/labestiapolitica.com.mx\/index.php?rest_route=\/wp\/v2\/media\/84332"}],"wp:attachment":[{"href":"https:\/\/labestiapolitica.com.mx\/index.php?rest_route=%2Fwp%2Fv2%2Fmedia&parent=84331"}],"wp:term":[{"taxonomy":"category","embeddable":true,"href":"https:\/\/labestiapolitica.com.mx\/index.php?rest_route=%2Fwp%2Fv2%2Fcategories&post=84331"},{"taxonomy":"post_tag","embeddable":true,"href":"https:\/\/labestiapolitica.com.mx\/index.php?rest_route=%2Fwp%2Fv2%2Ftags&post=84331"}],"curies":[{"name":"wp","href":"https:\/\/api.w.org\/{rel}","templated":true}]}}