{"id":84334,"date":"2026-09-01T22:29:47","date_gmt":"2026-09-02T04:29:47","guid":{"rendered":"https:\/\/labestiapolitica.com.mx\/?p=84334"},"modified":"2026-09-01T22:29:47","modified_gmt":"2026-09-02T04:29:47","slug":"declara-congreso-aprobado-el-decreto-287-en-materia-de-reforma-al-poder-judicial-de-tlaxcala","status":"publish","type":"post","link":"https:\/\/labestiapolitica.com.mx\/?p=84334","title":{"rendered":"Declara Congreso aprobado el Decreto 287 en materia de reforma al Poder Judicial de Tlaxcala."},"content":{"rendered":"<p style=\"font-weight: 400; text-align: justify;\">Durante el desarrollo de la Primera Sesi\u00f3n Ordinaria del Pleno del Congreso del Estado, las diputadas y diputados integrantes de la LXV Legislatura aprobaron por unanimidad el Acuerdo mediante el cual se declara aprobado el Decreto n\u00famero 287, por el que se reforman y adicionan diversas disposiciones de la Constituci\u00f3n Pol\u00edtica del Estado Libre y Soberano de Tlaxcala, en materia de reforma al Poder Judicial.<\/p>\n<p style=\"font-weight: 400; text-align: justify;\">En la sesi\u00f3n celebrada este primero de septiembre, se dio cuenta de la certificaci\u00f3n realizada por el Secretario Parlamentario del Congreso del Estado, respecto de los ayuntamientos que sometieron a consideraci\u00f3n de sus respectivos cabildos el Proyecto de Decreto aprobado por la LXV Legislatura el pasado 14 de agosto, en cumplimiento de lo establecido en el art\u00edculo 120 de la Constituci\u00f3n Pol\u00edtica Local.<\/p>\n<p style=\"font-weight: 400; text-align: justify;\">De acuerdo con la certificaci\u00f3n, 32 de los 60 ayuntamientos de la Entidad remitieron las actas de Cabildo correspondientes, en las que consta la aprobaci\u00f3n del Proyecto de Decreto por las dos terceras partes del total de sus integrantes y, en algunos casos, por unanimidad. Al constituir la mayor\u00eda de los ayuntamientos del Estado, se determin\u00f3 procedente declarar aprobado el Decreto n\u00famero 287.<\/p>\n<p style=\"font-weight: 400; text-align: justify;\">Con la aprobaci\u00f3n un\u00e1nime del Acuerdo y una vez cumplido el procedimiento establecido para las reformas a la Constituci\u00f3n Pol\u00edtica del Estado, se instruy\u00f3 al Secretario Parlamentario de esta Soberan\u00eda remitir el Decreto n\u00famero 287 a la titular del Poder Ejecutivo del Estado, para su sanci\u00f3n y publicaci\u00f3n correspondiente en el Peri\u00f3dico Oficial del Gobierno del Estado de Tlaxcala.<\/p>\n<p>&nbsp;<\/p>\n<p><img loading=\"lazy\" decoding=\"async\" class=\"aligncenter wp-image-79046 size-large\" src=\"https:\/\/labestiapolitica.com.mx\/wp-content\/uploads\/2026\/07\/AJ-uni-819x1024.jpeg\" alt=\"\" width=\"640\" height=\"800\" srcset=\"https:\/\/labestiapolitica.com.mx\/wp-content\/uploads\/2026\/07\/AJ-uni-819x1024.jpeg 819w, https:\/\/labestiapolitica.com.mx\/wp-content\/uploads\/2026\/07\/AJ-uni-240x300.jpeg 240w, https:\/\/labestiapolitica.com.mx\/wp-content\/uploads\/2026\/07\/AJ-uni-768x960.jpeg 768w, https:\/\/labestiapolitica.com.mx\/wp-content\/uploads\/2026\/07\/AJ-uni.jpeg 1080w\" sizes=\"auto, (max-width: 640px) 100vw, 640px\" \/><\/p>\n","protected":false},"excerpt":{"rendered":"<p>Durante el desarrollo de la Primera Sesi\u00f3n Ordinaria del Pleno del Congreso del Estado, las diputadas y diputados integrantes de la LXV Legislatura aprobaron por unanimidad el Acuerdo mediante el cual se declara aprobado el Decreto n\u00famero 287, por el que se reforman y adicionan diversas disposiciones de la Constituci\u00f3n Pol\u00edtica del Estado Libre y [&hellip;]<\/p>\n","protected":false},"author":5,"featured_media":84335,"comment_status":"open","ping_status":"open","sticky":false,"template":"","format":"standard","meta":{"footnotes":""},"categories":[224,247],"tags":[],"class_list":["post-84334","post","type-post","status-publish","format-standard","has-post-thumbnail","hentry","category-congreso-del-estado-de-tlaxcala","category-politica"],"amp_enabled":true,"_links":{"self":[{"href":"https:\/\/labestiapolitica.com.mx\/index.php?rest_route=\/wp\/v2\/posts\/84334","targetHints":{"allow":["GET"]}}],"collection":[{"href":"https:\/\/labestiapolitica.com.mx\/index.php?rest_route=\/wp\/v2\/posts"}],"about":[{"href":"https:\/\/labestiapolitica.com.mx\/index.php?rest_route=\/wp\/v2\/types\/post"}],"author":[{"embeddable":true,"href":"https:\/\/labestiapolitica.com.mx\/index.php?rest_route=\/wp\/v2\/users\/5"}],"replies":[{"embeddable":true,"href":"https:\/\/labestiapolitica.com.mx\/index.php?rest_route=%2Fwp%2Fv2%2Fcomments&post=84334"}],"version-history":[{"count":1,"href":"https:\/\/labestiapolitica.com.mx\/index.php?rest_route=\/wp\/v2\/posts\/84334\/revisions"}],"predecessor-version":[{"id":84336,"href":"https:\/\/labestiapolitica.com.mx\/index.php?rest_route=\/wp\/v2\/posts\/84334\/revisions\/84336"}],"wp:featuredmedia":[{"embeddable":true,"href":"https:\/\/labestiapolitica.com.mx\/index.php?rest_route=\/wp\/v2\/media\/84335"}],"wp:attachment":[{"href":"https:\/\/labestiapolitica.com.mx\/index.php?rest_route=%2Fwp%2Fv2%2Fmedia&parent=84334"}],"wp:term":[{"taxonomy":"category","embeddable":true,"href":"https:\/\/labestiapolitica.com.mx\/index.php?rest_route=%2Fwp%2Fv2%2Fcategories&post=84334"},{"taxonomy":"post_tag","embeddable":true,"href":"https:\/\/labestiapolitica.com.mx\/index.php?rest_route=%2Fwp%2Fv2%2Ftags&post=84334"}],"curies":[{"name":"wp","href":"https:\/\/api.w.org\/{rel}","templated":true}]}}