{"id":84341,"date":"2026-09-01T22:36:28","date_gmt":"2026-09-02T04:36:28","guid":{"rendered":"https:\/\/labestiapolitica.com.mx\/?p=84341"},"modified":"2026-09-01T22:36:28","modified_gmt":"2026-09-02T04:36:28","slug":"campus-teacalco-uatx-gradua-a-nuevos-licenciados-en-derecho","status":"publish","type":"post","link":"https:\/\/labestiapolitica.com.mx\/?p=84341","title":{"rendered":"Campus\u00a0Teacalco UATx grad\u00faa a nuevos Licenciados en Derecho."},"content":{"rendered":"<ul>\n<li style=\"font-weight: 400; text-align: justify;\">Bajo los principios del <em>Homo Universitatis<\/em>, la Universidad\u00a0 entrega a la sociedad a profesionistas capaces de responder con innovaci\u00f3n y sentido humanista a los retos de su entorno<\/li>\n<\/ul>\n<p style=\"font-weight: 400; text-align: justify;\">Con un exhorto a ejercer la profesi\u00f3n con \u00e9tica, responsabilidad social y estricto apego al respeto de la dignidad humana, la Unidad Acad\u00e9mica Multidisciplinaria Campus Teacalco de la Universidad Aut\u00f3noma de Tlaxcala (UAMCT-UATx) celebr\u00f3 la ceremonia de graduaci\u00f3n de la Licenciatura en Derecho, \u00a0generaci\u00f3n 2022-2026, en el Auditorio Interactivo \u201cManuel de Lardiz\u00e1bal y Uribe\u201d.<\/p>\n<p style=\"font-weight: 400; text-align: justify;\">En representaci\u00f3n del Rector, Maestro Alejandro Palma Ju\u00e1rez, la Maestra Rosa Ortega Landeros, Secretaria Acad\u00e9mica, manifest\u00f3 el benepl\u00e1cito de la Instituci\u00f3n por la culminaci\u00f3n formativa de los graduados, destacando que la UATx mantiene los procesos acad\u00e9micos de sus ejes sustantivos en permanente evoluci\u00f3n.<\/p>\n<p style=\"font-weight: 400; text-align: justify;\">Puntualiz\u00f3 que\u00a0bajo los principios del\u00a0<em>homo universitatis<\/em>, la Aut\u00f3noma de Tlaxcala entrega a la sociedad a profesionistas anal\u00edticos, coexistentes e inclusivos, capaces de responder con innovaci\u00f3n y sentido humanista a los retos de su entorno.<\/p>\n<p style=\"font-weight: 400; text-align: justify;\">Por su parte, el Maestro \u00c1ngel Moreno Ramos, Director de la UAMCT, felicit\u00f3 a los 18 profesionales del Derecho que culminaron exitosamente su instrucci\u00f3n superior; se\u00f1al\u00f3 que la Universidad es una entidad viva que transforma rutas de vida y reconoci\u00f3 el firme liderazgo del exrector Doctor Seraf\u00edn Ortiz Ortiz en la proyecci\u00f3n y prestigio de la universidad p\u00fablica, reflejado en beneficios concretos como el programa de gratuidad, becas, movilidad acad\u00e9mica y la consolidaci\u00f3n de la Torre de Rector\u00eda.<\/p>\n<p style=\"font-weight: 400; text-align: justify;\">Por \u00faltimo, exhort\u00f3 a los egresados a conducirse como agentes de cambio orientados al bienestar social y a fundamentar su actuaci\u00f3n en la defensa de los derechos humanos y en la Constituci\u00f3n, tomando en cuenta los valores en los que se formaron bajo el Modelo Humanista Integrador basado en Capacidades.<\/p>\n<p style=\"font-weight: 400; text-align: justify;\">A nombre de sus compa\u00f1eros de generaci\u00f3n, Mario Osvaldo G\u00f3mez Ramos expres\u00f3 que concluir esta etapa trasciende el mero cumplimiento de asignaturas, al representar la adquisici\u00f3n de herramientas para el servicio de la colectividad y el ejercicio digno de la ciencia jur\u00eddica.<\/p>\n<p style=\"font-weight: 400; text-align: justify;\">Durante el acto protocolario se entregaron sendos reconocimientos a los promedios m\u00e1s altos de la generaci\u00f3n: M\u00f3nica Ortega, Alexander Cervantes y Evelyn Rojas.<\/p>\n","protected":false},"excerpt":{"rendered":"<p>Bajo los principios del Homo Universitatis, la Universidad\u00a0 entrega a la sociedad a profesionistas capaces de responder con innovaci\u00f3n y sentido humanista a los retos de su entorno Con un exhorto a ejercer la profesi\u00f3n con \u00e9tica, responsabilidad social y estricto apego al respeto de la dignidad humana, la Unidad Acad\u00e9mica Multidisciplinaria Campus Teacalco de [&hellip;]<\/p>\n","protected":false},"author":5,"featured_media":84342,"comment_status":"open","ping_status":"open","sticky":false,"template":"","format":"standard","meta":{"footnotes":""},"categories":[213,241],"tags":[],"class_list":["post-84341","post","type-post","status-publish","format-standard","has-post-thumbnail","hentry","category-educacion","category-uatx"],"amp_enabled":true,"_links":{"self":[{"href":"https:\/\/labestiapolitica.com.mx\/index.php?rest_route=\/wp\/v2\/posts\/84341","targetHints":{"allow":["GET"]}}],"collection":[{"href":"https:\/\/labestiapolitica.com.mx\/index.php?rest_route=\/wp\/v2\/posts"}],"about":[{"href":"https:\/\/labestiapolitica.com.mx\/index.php?rest_route=\/wp\/v2\/types\/post"}],"author":[{"embeddable":true,"href":"https:\/\/labestiapolitica.com.mx\/index.php?rest_route=\/wp\/v2\/users\/5"}],"replies":[{"embeddable":true,"href":"https:\/\/labestiapolitica.com.mx\/index.php?rest_route=%2Fwp%2Fv2%2Fcomments&post=84341"}],"version-history":[{"count":1,"href":"https:\/\/labestiapolitica.com.mx\/index.php?rest_route=\/wp\/v2\/posts\/84341\/revisions"}],"predecessor-version":[{"id":84343,"href":"https:\/\/labestiapolitica.com.mx\/index.php?rest_route=\/wp\/v2\/posts\/84341\/revisions\/84343"}],"wp:featuredmedia":[{"embeddable":true,"href":"https:\/\/labestiapolitica.com.mx\/index.php?rest_route=\/wp\/v2\/media\/84342"}],"wp:attachment":[{"href":"https:\/\/labestiapolitica.com.mx\/index.php?rest_route=%2Fwp%2Fv2%2Fmedia&parent=84341"}],"wp:term":[{"taxonomy":"category","embeddable":true,"href":"https:\/\/labestiapolitica.com.mx\/index.php?rest_route=%2Fwp%2Fv2%2Fcategories&post=84341"},{"taxonomy":"post_tag","embeddable":true,"href":"https:\/\/labestiapolitica.com.mx\/index.php?rest_route=%2Fwp%2Fv2%2Ftags&post=84341"}],"curies":[{"name":"wp","href":"https:\/\/api.w.org\/{rel}","templated":true}]}}