{"id":84347,"date":"2026-09-01T22:42:15","date_gmt":"2026-09-02T04:42:15","guid":{"rendered":"https:\/\/labestiapolitica.com.mx\/?p=84347"},"modified":"2026-09-01T22:42:15","modified_gmt":"2026-09-02T04:42:15","slug":"dif-zacatelco-fortalece-la-produccion-de-alimentos-saludables-mediante-huertos-comunitarios","status":"publish","type":"post","link":"https:\/\/labestiapolitica.com.mx\/?p=84347","title":{"rendered":"DIF Zacatelco fortalece la producci\u00f3n de alimentos saludables mediante huertos comunitarios."},"content":{"rendered":"<p style=\"text-align: justify;\">Con el prop\u00f3sito de promover alternativas de alimentaci\u00f3n saludable y fomentar pr\u00e1cticas sustentables entre las familias del municipio, el Gobierno Municipal de Zacatelco, a trav\u00e9s del Sistema Municipal DIF y la Unidad de Gesti\u00f3n, impulsa la creaci\u00f3n y cultivo de huertos.<\/p>\n<p>Como parte de estas acciones, la ma\u00f1ana de este 31 de agosto se llev\u00f3 a cabo la inauguraci\u00f3n del huerto denominado \u201cDespensas Verdes\u201d, instalado en las propias instalaciones del DIF Municipal, resultado de los cursos y pr\u00e1cticas desarrollados por integrantes del grupo de huertos, con el acompa\u00f1amiento de la Secretar\u00eda de Impulso Agropecuario (SIA).<\/p>\n<p>Durante la actividad, la ingeniera Patricia Garc\u00eda Gonz\u00e1lez destac\u00f3 que el objetivo de este proyecto es brindar a las familias conocimientos pr\u00e1cticos que puedan aplicar en sus propios hogares, demostrando que es posible cultivar alimentos de manera sustentable aun cuando se cuenta con espacios reducidos.<\/p>\n<p>\u201cHoy queremos brindarles mayores espacios y oportunidades para que ustedes aprendan estas pr\u00e1cticas. Ya han visto que no se necesita una gran inversi\u00f3n ni tampoco mucho espacio; es cuesti\u00f3n de amor y disciplina por lo que se hace\u201d, expres\u00f3.<\/p>\n<p>El trabajo realizado durante los cursos permiti\u00f3 concretar la primera cosecha del huerto, en la que se obtuvieron; jitomate, chile jalape\u00f1o, cebolla carta blanca, acelga, cilantro, lechuga verde italiana y lechuga china morada, mientras que pr\u00f3ximamente se contempla la cosecha de r\u00e1banos y otras variedades.<\/p>\n<p>Los productos obtenidos ser\u00e1n distribuidos entre los propios integrantes del grupo de huertos, como reconocimiento al trabajo y dedicaci\u00f3n que han destinado al proyecto.<\/p>\n<p>Esta iniciativa cuenta con el respaldo del presidente municipal, Jos\u00e9 Miguel Acatzi Luna y de la presidenta honor\u00edfica del DIF Municipal Natali Chamorro Garz\u00f3n, quienes han promovido acciones encaminadas a fortalecer el aprendizaje de pr\u00e1cticas saludables y sustentables entre la poblaci\u00f3n.<\/p>\n<p>Durante el encuentro, Chamorro Garz\u00f3n reconoci\u00f3 el esfuerzo colectivo detr\u00e1s de la cosecha y destac\u00f3 la importancia de continuar ampliando el proyecto, al tiempo que invit\u00f3 a m\u00e1s habitantes de Zacatelco a integrarse a las actividades de los huertos.<\/p>\n<p>\u201cEsta cosecha es resultado del esfuerzo de todos los participantes y, sin ustedes, esto no ser\u00eda posible. Queremos que este proyecto siga creciendo y que m\u00e1s personas se sumen\u201d, se\u00f1al\u00f3.<\/p>\n<p>El Gobierno Municipal y el DIF Zacatelco refrendaron su disposici\u00f3n de continuar generando espacios de aprendizaje que permitan a la ciudadan\u00eda adquirir conocimientos \u00fatiles para producir sus propios alimentos y promover h\u00e1bitos de alimentaci\u00f3n m\u00e1s saludables.<\/p>\n<p>Con \u201cDespensas Verdes\u201d, Zacatelco avanza en la consolidaci\u00f3n de alternativas de cultivo que fortalezcan la participaci\u00f3n y el aprovechamiento responsable de los espacios disponibles.<\/p>\n<p>&nbsp;<\/p>\n<p><img loading=\"lazy\" decoding=\"async\" class=\"aligncenter wp-image-79046 size-large\" src=\"https:\/\/labestiapolitica.com.mx\/wp-content\/uploads\/2026\/07\/AJ-uni-819x1024.jpeg\" alt=\"\" width=\"640\" height=\"800\" srcset=\"https:\/\/labestiapolitica.com.mx\/wp-content\/uploads\/2026\/07\/AJ-uni-819x1024.jpeg 819w, https:\/\/labestiapolitica.com.mx\/wp-content\/uploads\/2026\/07\/AJ-uni-240x300.jpeg 240w, https:\/\/labestiapolitica.com.mx\/wp-content\/uploads\/2026\/07\/AJ-uni-768x960.jpeg 768w, https:\/\/labestiapolitica.com.mx\/wp-content\/uploads\/2026\/07\/AJ-uni.jpeg 1080w\" sizes=\"auto, (max-width: 640px) 100vw, 640px\" \/><\/p>\n","protected":false},"excerpt":{"rendered":"<p>Con el prop\u00f3sito de promover alternativas de alimentaci\u00f3n saludable y fomentar pr\u00e1cticas sustentables entre las familias del municipio, el Gobierno Municipal de Zacatelco, a trav\u00e9s del Sistema Municipal DIF y la Unidad de Gesti\u00f3n, impulsa la creaci\u00f3n y cultivo de huertos. Como parte de estas acciones, la ma\u00f1ana de este 31 de agosto se llev\u00f3 [&hellip;]<\/p>\n","protected":false},"author":5,"featured_media":84348,"comment_status":"open","ping_status":"open","sticky":false,"template":"","format":"standard","meta":{"footnotes":""},"categories":[216,217],"tags":[],"class_list":["post-84347","post","type-post","status-publish","format-standard","has-post-thumbnail","hentry","category-municipios","category-zacatelco"],"amp_enabled":true,"_links":{"self":[{"href":"https:\/\/labestiapolitica.com.mx\/index.php?rest_route=\/wp\/v2\/posts\/84347","targetHints":{"allow":["GET"]}}],"collection":[{"href":"https:\/\/labestiapolitica.com.mx\/index.php?rest_route=\/wp\/v2\/posts"}],"about":[{"href":"https:\/\/labestiapolitica.com.mx\/index.php?rest_route=\/wp\/v2\/types\/post"}],"author":[{"embeddable":true,"href":"https:\/\/labestiapolitica.com.mx\/index.php?rest_route=\/wp\/v2\/users\/5"}],"replies":[{"embeddable":true,"href":"https:\/\/labestiapolitica.com.mx\/index.php?rest_route=%2Fwp%2Fv2%2Fcomments&post=84347"}],"version-history":[{"count":1,"href":"https:\/\/labestiapolitica.com.mx\/index.php?rest_route=\/wp\/v2\/posts\/84347\/revisions"}],"predecessor-version":[{"id":84349,"href":"https:\/\/labestiapolitica.com.mx\/index.php?rest_route=\/wp\/v2\/posts\/84347\/revisions\/84349"}],"wp:featuredmedia":[{"embeddable":true,"href":"https:\/\/labestiapolitica.com.mx\/index.php?rest_route=\/wp\/v2\/media\/84348"}],"wp:attachment":[{"href":"https:\/\/labestiapolitica.com.mx\/index.php?rest_route=%2Fwp%2Fv2%2Fmedia&parent=84347"}],"wp:term":[{"taxonomy":"category","embeddable":true,"href":"https:\/\/labestiapolitica.com.mx\/index.php?rest_route=%2Fwp%2Fv2%2Fcategories&post=84347"},{"taxonomy":"post_tag","embeddable":true,"href":"https:\/\/labestiapolitica.com.mx\/index.php?rest_route=%2Fwp%2Fv2%2Ftags&post=84347"}],"curies":[{"name":"wp","href":"https:\/\/api.w.org\/{rel}","templated":true}]}}