{"id":84350,"date":"2026-09-01T22:44:49","date_gmt":"2026-09-02T04:44:49","guid":{"rendered":"https:\/\/labestiapolitica.com.mx\/?p=84350"},"modified":"2026-09-01T22:44:49","modified_gmt":"2026-09-02T04:44:49","slug":"inicia-en-zacatelco-obra-integral-para-mejorar-servicios-prioritarios-en-la-seccion-primera","status":"publish","type":"post","link":"https:\/\/labestiapolitica.com.mx\/?p=84350","title":{"rendered":"Inicia en Zacatelco obra integral para mejorar servicios prioritarios en la Secci\u00f3n Primera."},"content":{"rendered":"<div id=\":p1\" class=\"ii gt\">\n<div id=\":p4\" class=\"a3s aiL \">\n<div id=\"avWBGd-801\">\n<div dir=\"ltr\" style=\"text-align: justify;\">Con el prop\u00f3sito de atender necesidades prioritarias de infraestructura urbana, el Gobierno Municipal de Zacatelco puso en marcha una obra integral en la Privada Progreso, de la Secci\u00f3n Primera, que contempla la renovaci\u00f3n de las redes de agua potable y drenaje sanitario, as\u00ed como la mejora de la superficie de rodamiento.<\/p>\n<p>El acto estuvo encabezado por el presidente municipal, Jos\u00e9 Miguel Acatzi Luna, quien estuvo acompa\u00f1ado por la s\u00edndico municipal, Nancy Ju\u00e1rez Corte; el presidente de la Secci\u00f3n Primera, Miguel Cortez Piedracruz; y la regidora Ma. Gabriela Coca Nava, para dar el banderazo formal a los trabajos.<\/p>\n<p>La intervenci\u00f3n se realizar\u00e1 en el tramo comprendido entre las calles Estrella y Progreso, con una meta de 556.59 metros cuadrados de pavimento con adocreto, adem\u00e1s de la rehabilitaci\u00f3n de 116.02 metros lineales de drenaje sanitario y 114.81 metros lineales de red de agua potable.<\/p>\n<p>Durante el acto, el presidente municipal destac\u00f3 que el proyecto responde a una petici\u00f3n de los habitantes de la zona y refrend\u00f3 el compromiso de su administraci\u00f3n de continuar atendiendo las necesidades de infraestructura planteadas por las comunidades.<\/p>\n<p>\u201cEstamos dando respuesta a una petici\u00f3n de los vecinos que durante alg\u00fan tiempo hab\u00edan solicitado la rehabilitaci\u00f3n de este espacio. No se trata \u00fanicamente de colocar un nuevo pavimento, sino de atender primero las redes de agua potable y drenaje para dejar una infraestructura adecuada y duradera. Tambi\u00e9n sabemos que est\u00e1 privada es utilizada diariamente por estudiantes y familias, por lo que esta obra tendr\u00e1 un beneficio importante para toda la zona\u201d, afirm\u00f3.<\/p>\n<p>Adem\u00e1s de mejorar las condiciones para las familias que habitan en este punto de la Secci\u00f3n Primera, los trabajos favorecer\u00e1n la movilidad de quienes transitan diariamente por el lugar, particularmente de la comunidad estudiantil que utiliza este acceso para llegar a una instituci\u00f3n educativa ubicada sobre la calle Estrella.<\/p>\n<p>Durante el banderazo, habitantes de la zona reconocieron la atenci\u00f3n brindada por la administraci\u00f3n municipal a una solicitud que, se\u00f1alaron, hab\u00eda sido planteada desde a\u00f1os atr\u00e1s debido a las condiciones que presentaba el adoqu\u00edn y a la necesidad de renovar las conexiones de agua potable y drenaje.<\/p>\n<p>El presidente municipal Jos\u00e9 Miguel Acatzi Luna, tambi\u00e9n destac\u00f3 que este tipo de proyectos permiten intervenir de manera integral la infraestructura urbana, al atender tanto la renovaci\u00f3n de servicios b\u00e1sicos como las condiciones de movilidad en las comunidades.<\/p>\n<p>Con esta acci\u00f3n, el Gobierno Municipal refrenda su compromiso de continuar impulsando obras que atiendan necesidades concretas de la poblaci\u00f3n y contribuyan a mejorar la calidad de los servicios p\u00fablicos y las condiciones de movilidad en Zacatelco.<\/p><\/div>\n<div class=\"yj6qo\" style=\"text-align: justify;\"><\/div>\n<div class=\"adL\" style=\"text-align: justify;\"><img loading=\"lazy\" decoding=\"async\" class=\"aligncenter wp-image-79046 size-large\" src=\"https:\/\/labestiapolitica.com.mx\/wp-content\/uploads\/2026\/07\/AJ-uni-819x1024.jpeg\" alt=\"\" width=\"640\" height=\"800\" srcset=\"https:\/\/labestiapolitica.com.mx\/wp-content\/uploads\/2026\/07\/AJ-uni-819x1024.jpeg 819w, https:\/\/labestiapolitica.com.mx\/wp-content\/uploads\/2026\/07\/AJ-uni-240x300.jpeg 240w, https:\/\/labestiapolitica.com.mx\/wp-content\/uploads\/2026\/07\/AJ-uni-768x960.jpeg 768w, https:\/\/labestiapolitica.com.mx\/wp-content\/uploads\/2026\/07\/AJ-uni.jpeg 1080w\" sizes=\"auto, (max-width: 640px) 100vw, 640px\" \/><\/div>\n<\/div>\n<\/div>\n<\/div>\n","protected":false},"excerpt":{"rendered":"<p>Con el prop\u00f3sito de atender necesidades prioritarias de infraestructura urbana, el Gobierno Municipal de Zacatelco puso en marcha una obra integral en la Privada Progreso, de la Secci\u00f3n Primera, que contempla la renovaci\u00f3n de las redes de agua potable y drenaje sanitario, as\u00ed como la mejora de la superficie de rodamiento. El acto estuvo encabezado [&hellip;]<\/p>\n","protected":false},"author":5,"featured_media":84351,"comment_status":"open","ping_status":"open","sticky":false,"template":"","format":"standard","meta":{"footnotes":""},"categories":[216,217],"tags":[],"class_list":["post-84350","post","type-post","status-publish","format-standard","has-post-thumbnail","hentry","category-municipios","category-zacatelco"],"amp_enabled":true,"_links":{"self":[{"href":"https:\/\/labestiapolitica.com.mx\/index.php?rest_route=\/wp\/v2\/posts\/84350","targetHints":{"allow":["GET"]}}],"collection":[{"href":"https:\/\/labestiapolitica.com.mx\/index.php?rest_route=\/wp\/v2\/posts"}],"about":[{"href":"https:\/\/labestiapolitica.com.mx\/index.php?rest_route=\/wp\/v2\/types\/post"}],"author":[{"embeddable":true,"href":"https:\/\/labestiapolitica.com.mx\/index.php?rest_route=\/wp\/v2\/users\/5"}],"replies":[{"embeddable":true,"href":"https:\/\/labestiapolitica.com.mx\/index.php?rest_route=%2Fwp%2Fv2%2Fcomments&post=84350"}],"version-history":[{"count":1,"href":"https:\/\/labestiapolitica.com.mx\/index.php?rest_route=\/wp\/v2\/posts\/84350\/revisions"}],"predecessor-version":[{"id":84352,"href":"https:\/\/labestiapolitica.com.mx\/index.php?rest_route=\/wp\/v2\/posts\/84350\/revisions\/84352"}],"wp:featuredmedia":[{"embeddable":true,"href":"https:\/\/labestiapolitica.com.mx\/index.php?rest_route=\/wp\/v2\/media\/84351"}],"wp:attachment":[{"href":"https:\/\/labestiapolitica.com.mx\/index.php?rest_route=%2Fwp%2Fv2%2Fmedia&parent=84350"}],"wp:term":[{"taxonomy":"category","embeddable":true,"href":"https:\/\/labestiapolitica.com.mx\/index.php?rest_route=%2Fwp%2Fv2%2Fcategories&post=84350"},{"taxonomy":"post_tag","embeddable":true,"href":"https:\/\/labestiapolitica.com.mx\/index.php?rest_route=%2Fwp%2Fv2%2Ftags&post=84350"}],"curies":[{"name":"wp","href":"https:\/\/api.w.org\/{rel}","templated":true}]}}