{"id":84355,"date":"2026-09-02T13:07:02","date_gmt":"2026-09-02T19:07:02","guid":{"rendered":"https:\/\/labestiapolitica.com.mx\/?p=84355"},"modified":"2026-09-02T13:07:02","modified_gmt":"2026-09-02T19:07:02","slug":"victor-hugo-gutierrez-deja-la-secretaria-del-ayuntamiento-de-tlaxcala-se-suma-al-proyecto-de-alfonso-sanchez-garcia","status":"publish","type":"post","link":"https:\/\/labestiapolitica.com.mx\/?p=84355","title":{"rendered":"V\u00edctor Hugo Guti\u00e9rrez deja la Secretar\u00eda del Ayuntamiento de Tlaxcala; se suma al proyecto de Alfonso S\u00e1nchez Garc\u00eda."},"content":{"rendered":"<p style=\"text-align: justify;\">\u00a0El exsecretario confirm\u00f3 que trabajar\u00e1 en territorio a favor del proyecto pol\u00edtico del alcalde con licencia y no descart\u00f3 participar por la presidencia municipal de Tlaxcala en el proceso electoral de 2027.<\/p>\n<p style=\"text-align: justify;\">Mariana LOVERA\/\/ V\u00edctor Hugo Guti\u00e9rrez Morales confirm\u00f3 su renuncia a la Secretar\u00eda del Ayuntamiento de Tlaxcala capital y anunci\u00f3 que se incorporar\u00e1 de lleno al proyecto pol\u00edtico de Alfonso S\u00e1nchez Garc\u00eda, de cara al proceso interno de Morena rumbo a la elecci\u00f3n de la coordinaci\u00f3n de la 4T.<\/p>\n<p style=\"text-align: justify;\">En entrevista, Guti\u00e9rrez Morales se\u00f1al\u00f3 que su separaci\u00f3n del cargo se realiz\u00f3 en buenos t\u00e9rminos y que, una vez concluida esta etapa dentro de la administraci\u00f3n municipal, concentrar\u00e1 sus esfuerzos en el trabajo territorial para respaldar las aspiraciones pol\u00edticas de S\u00e1nchez Garc\u00eda.<\/p>\n<p style=\"text-align: justify;\">\u201cYa presentamos ayer la renuncia, obviamente ya hubo la sesi\u00f3n de Cabildo, ya se nombr\u00f3 al nuevo secretario del Ayuntamiento; dejamos la Secretar\u00eda en muy buenos t\u00e9rminos y vamos a apoyar en territorio el proyecto del arquitecto Alfonso S\u00e1nchez Garc\u00eda\u201d, afirm\u00f3.<\/p>\n<p style=\"text-align: justify;\">El ahora exfuncionario dej\u00f3 claro que su respaldo a S\u00e1nchez Garc\u00eda no es reciente, pues record\u00f3 que durante los \u00faltimos dos a\u00f1os trabaj\u00f3 junto a \u00e9l en el gobierno municipal y destac\u00f3 su cercan\u00eda con la ciudadan\u00eda y conocimiento del territorio.<\/p>\n<p style=\"text-align: justify;\">Guti\u00e9rrez Morales incluso manifest\u00f3 su confianza en que Alfonso S\u00e1nchez Garc\u00eda ser\u00e1 quien encabece a Morena en la pr\u00f3xima contienda por la gubernatura de Tlaxcala.<\/p>\n<p style=\"text-align: justify;\">\u201cEs un hombre muy trabajador, que conoce el territorio, que es muy cercano a la gente y eso nos fortaleci\u00f3. Yo estoy seguro que \u00e9l va a ser el coordinador de la Cuarta Transformaci\u00f3n aqu\u00ed en Tlaxcala\u201d, sostuvo.<\/p>\n<h2 style=\"text-align: justify;\">No descarta buscar la alcald\u00eda de Tlaxcala en 2027.<\/h2>\n<p style=\"text-align: justify;\">Cuestionado sobre las versiones que lo colocan como uno de los posibles perfiles para competir por la presidencia municipal de Tlaxcala en 2027, V\u00edctor Hugo Guti\u00e9rrez Morales no cerr\u00f3 la puerta a esa posibilidad.<\/p>\n<p style=\"text-align: justify;\">Se dijo satisfecho de aparecer en mediciones y se\u00f1al\u00f3 que esperar\u00e1 los tiempos y la convocatoria que emita Morena para determinar su eventual participaci\u00f3n.<\/p>\n<p style=\"text-align: justify;\">\u201cMuy contento de que las encuestas nos pongan ah\u00ed. Desde luego que, una vez que se emita la convocatoria por parte del Comit\u00e9 Nacional, estaremos dispuestos para poder participar, ver los requisitos y poder participar en ese momento\u201d, expres\u00f3.<\/p>\n<p style=\"text-align: justify;\">Sobre las condiciones en las que entrega la Secretar\u00eda del Ayuntamiento, asegur\u00f3 que durante los dos a\u00f1os que permaneci\u00f3 en el cargo se mantuvo la gobernabilidad en la capital, pese a las distintas inquietudes planteadas por vecinos y ciudadanos.<\/p>\n<p style=\"text-align: justify;\">Afirm\u00f3 que deja asuntos municipales encaminados, adem\u00e1s de una relaci\u00f3n de trabajo con las autoridades de las once comunidades y siete delegaciones que integran el municipio.<\/p>\n<p style=\"text-align: justify;\">\u201cCreo que las once comunidades y las siete delegaciones tienen excelente gobernabilidad y todos los delegados y los presidentes est\u00e1n trabajando de manera correcta\u201d, agreg\u00f3.<\/p>\n<p style=\"text-align: justify;\">La salida de V\u00edctor Hugo Guti\u00e9rrez Morales qued\u00f3 formalizada durante la sesi\u00f3n extraordinaria de Cabildo encabezada por el presidente municipal interino de Tlaxcala, Carlos L\u00f3pez Su\u00e1rez, en la que fue aprobado el nombramiento de Sa\u00fal Guti\u00e9rrez como nuevo secretario del Ayuntamiento.<\/p>\n","protected":false},"excerpt":{"rendered":"<p>\u00a0El exsecretario confirm\u00f3 que trabajar\u00e1 en territorio a favor del proyecto pol\u00edtico del alcalde con licencia y no descart\u00f3 participar por la presidencia municipal de Tlaxcala en el proceso electoral de 2027. Mariana LOVERA\/\/ V\u00edctor Hugo Guti\u00e9rrez Morales confirm\u00f3 su renuncia a la Secretar\u00eda del Ayuntamiento de Tlaxcala capital y anunci\u00f3 que se incorporar\u00e1 de [&hellip;]<\/p>\n","protected":false},"author":6,"featured_media":84356,"comment_status":"open","ping_status":"open","sticky":false,"template":"","format":"standard","meta":{"footnotes":""},"categories":[3,247],"tags":[],"class_list":["post-84355","post","type-post","status-publish","format-standard","has-post-thumbnail","hentry","category-8-columnas","category-politica"],"amp_enabled":true,"_links":{"self":[{"href":"https:\/\/labestiapolitica.com.mx\/index.php?rest_route=\/wp\/v2\/posts\/84355","targetHints":{"allow":["GET"]}}],"collection":[{"href":"https:\/\/labestiapolitica.com.mx\/index.php?rest_route=\/wp\/v2\/posts"}],"about":[{"href":"https:\/\/labestiapolitica.com.mx\/index.php?rest_route=\/wp\/v2\/types\/post"}],"author":[{"embeddable":true,"href":"https:\/\/labestiapolitica.com.mx\/index.php?rest_route=\/wp\/v2\/users\/6"}],"replies":[{"embeddable":true,"href":"https:\/\/labestiapolitica.com.mx\/index.php?rest_route=%2Fwp%2Fv2%2Fcomments&post=84355"}],"version-history":[{"count":1,"href":"https:\/\/labestiapolitica.com.mx\/index.php?rest_route=\/wp\/v2\/posts\/84355\/revisions"}],"predecessor-version":[{"id":84357,"href":"https:\/\/labestiapolitica.com.mx\/index.php?rest_route=\/wp\/v2\/posts\/84355\/revisions\/84357"}],"wp:featuredmedia":[{"embeddable":true,"href":"https:\/\/labestiapolitica.com.mx\/index.php?rest_route=\/wp\/v2\/media\/84356"}],"wp:attachment":[{"href":"https:\/\/labestiapolitica.com.mx\/index.php?rest_route=%2Fwp%2Fv2%2Fmedia&parent=84355"}],"wp:term":[{"taxonomy":"category","embeddable":true,"href":"https:\/\/labestiapolitica.com.mx\/index.php?rest_route=%2Fwp%2Fv2%2Fcategories&post=84355"},{"taxonomy":"post_tag","embeddable":true,"href":"https:\/\/labestiapolitica.com.mx\/index.php?rest_route=%2Fwp%2Fv2%2Ftags&post=84355"}],"curies":[{"name":"wp","href":"https:\/\/api.w.org\/{rel}","templated":true}]}}