{"id":84360,"date":"2026-09-02T13:13:36","date_gmt":"2026-09-02T19:13:36","guid":{"rendered":"https:\/\/labestiapolitica.com.mx\/?p=84360"},"modified":"2026-09-02T13:13:45","modified_gmt":"2026-09-02T19:13:45","slug":"84360","status":"publish","type":"post","link":"https:\/\/labestiapolitica.com.mx\/?p=84360","title":{"rendered":"PRD Tlaxcala se pronuncia contra la reelecci\u00f3n en alcald\u00edas y diputaciones locales."},"content":{"rendered":"<p style=\"text-align: justify;\">Mariana LOVERA | Gonzalo Olmedo Brise\u00f1o, delegado estatal del PRD Tlaxcala, fij\u00f3 un posicionamiento en contra de la reelecci\u00f3n consecutiva en presidencias municipales y diputaciones locales, al considerar que la permanencia prolongada en los cargos p\u00fablicos puede afectar la alternancia, la equidad electoral y la renovaci\u00f3n de liderazgos.<\/p>\n<p style=\"text-align: justify;\">Durante una conferencia de prensa, el representante perredista defendi\u00f3 el principio de \u201cSufragio efectivo, no reelecci\u00f3n\u201d y sostuvo que los cargos de elecci\u00f3n popular deben entenderse como responsabilidades temporales otorgadas por la ciudadan\u00eda y no como espacios de permanencia pol\u00edtica.<\/p>\n<p style=\"text-align: justify;\">Olmedo Brise\u00f1o se\u00f1al\u00f3 que permitir la reelecci\u00f3n inmediata puede limitar el relevo generacional y cerrar oportunidades a nuevos perfiles, ideas y liderazgos que buscan participar en la vida p\u00fablica de Tlaxcala.<\/p>\n<p style=\"text-align: justify;\">Asimismo, advirti\u00f3 que quienes buscan reelegirse llegan a una nueva contienda despu\u00e9s de haber ejercido el cargo, lo que, desde su perspectiva, puede generar condiciones desiguales debido a la exposici\u00f3n p\u00fablica, estructuras pol\u00edticas y ventajas asociadas al ejercicio del poder.<\/p>\n<p style=\"text-align: justify;\">Otro de los argumentos expuestos fue el riesgo de que los servidores p\u00fablicos concentren parte de sus esfuerzos en construir su siguiente campa\u00f1a electoral, en lugar de enfocarse exclusivamente en cumplir las responsabilidades para las que fueron electos.<\/p>\n<p style=\"text-align: justify;\">El delegado estatal del PRD sostuvo que la alternancia fortalece la democracia porque permite renovar gobiernos y representaciones populares, obliga a la rendici\u00f3n de cuentas y favorece la formaci\u00f3n de nuevos cuadros pol\u00edticos.<\/p>\n<p style=\"text-align: justify;\">\u201cNing\u00fan l\u00edder, por m\u00e1s carism\u00e1tico o eficiente que sea, es m\u00e1s grande que las instituciones de su patria\u201d, se\u00f1ala el pronunciamiento presentado durante la conferencia.<\/p>\n<p style=\"text-align: justify;\">Finalmente, Gonzalo Olmedo Brise\u00f1o llam\u00f3 a defender la rotaci\u00f3n en los cargos p\u00fablicos y resumi\u00f3 la postura con la consigna: \u201cS\u00ed a la alternancia, no a la reelecci\u00f3n\u201d, planteamiento que dirigi\u00f3 particularmente al debate sobre presidencias municipales y diputaciones locales en Tlaxcala.<\/p>\n","protected":false},"excerpt":{"rendered":"<p>Mariana LOVERA | Gonzalo Olmedo Brise\u00f1o, delegado estatal del PRD Tlaxcala, fij\u00f3 un posicionamiento en contra de la reelecci\u00f3n consecutiva en presidencias municipales y diputaciones locales, al considerar que la permanencia prolongada en los cargos p\u00fablicos puede afectar la alternancia, la equidad electoral y la renovaci\u00f3n de liderazgos. Durante una conferencia de prensa, el representante [&hellip;]<\/p>\n","protected":false},"author":5,"featured_media":84361,"comment_status":"open","ping_status":"open","sticky":false,"template":"","format":"standard","meta":{"footnotes":""},"categories":[3,264,247,251],"tags":[],"class_list":["post-84360","post","type-post","status-publish","format-standard","has-post-thumbnail","hentry","category-8-columnas","category-partidos-politicos","category-politica","category-prd"],"amp_enabled":true,"_links":{"self":[{"href":"https:\/\/labestiapolitica.com.mx\/index.php?rest_route=\/wp\/v2\/posts\/84360","targetHints":{"allow":["GET"]}}],"collection":[{"href":"https:\/\/labestiapolitica.com.mx\/index.php?rest_route=\/wp\/v2\/posts"}],"about":[{"href":"https:\/\/labestiapolitica.com.mx\/index.php?rest_route=\/wp\/v2\/types\/post"}],"author":[{"embeddable":true,"href":"https:\/\/labestiapolitica.com.mx\/index.php?rest_route=\/wp\/v2\/users\/5"}],"replies":[{"embeddable":true,"href":"https:\/\/labestiapolitica.com.mx\/index.php?rest_route=%2Fwp%2Fv2%2Fcomments&post=84360"}],"version-history":[{"count":2,"href":"https:\/\/labestiapolitica.com.mx\/index.php?rest_route=\/wp\/v2\/posts\/84360\/revisions"}],"predecessor-version":[{"id":84363,"href":"https:\/\/labestiapolitica.com.mx\/index.php?rest_route=\/wp\/v2\/posts\/84360\/revisions\/84363"}],"wp:featuredmedia":[{"embeddable":true,"href":"https:\/\/labestiapolitica.com.mx\/index.php?rest_route=\/wp\/v2\/media\/84361"}],"wp:attachment":[{"href":"https:\/\/labestiapolitica.com.mx\/index.php?rest_route=%2Fwp%2Fv2%2Fmedia&parent=84360"}],"wp:term":[{"taxonomy":"category","embeddable":true,"href":"https:\/\/labestiapolitica.com.mx\/index.php?rest_route=%2Fwp%2Fv2%2Fcategories&post=84360"},{"taxonomy":"post_tag","embeddable":true,"href":"https:\/\/labestiapolitica.com.mx\/index.php?rest_route=%2Fwp%2Fv2%2Ftags&post=84360"}],"curies":[{"name":"wp","href":"https:\/\/api.w.org\/{rel}","templated":true}]}}