{"id":84365,"date":"2026-09-02T13:18:34","date_gmt":"2026-09-02T19:18:34","guid":{"rendered":"https:\/\/labestiapolitica.com.mx\/?p=84365"},"modified":"2026-09-02T13:18:49","modified_gmt":"2026-09-02T19:18:49","slug":"84365","status":"publish","type":"post","link":"https:\/\/labestiapolitica.com.mx\/?p=84365","title":{"rendered":"Ve Gobierno del Estado \u00abCampa\u00f1a\u00bb en contra de Josefina Rodr\u00edguez Zamora."},"content":{"rendered":"<ul>\n<li style=\"text-align: justify;\">El coordinador de Comunicaci\u00f3n Social cuestion\u00f3 el tratamiento de la publicaci\u00f3n de un medio a nivel nacional que acusa a la funcionaria tlaxcalteca de utilizar presuntos art\u00edculos de lujo, pero reconoci\u00f3 que el llamado de Claudia Sheinbaum a la austeridad debe ser atendido por todos los servidores p\u00fablicos<\/li>\n<\/ul>\n<p style=\"text-align: justify;\">Daniel Angulo | La publicaci\u00f3n de Reforma sobre los art\u00edculos de lujo que presuntamente utiliza la secretaria de Turismo federal, Josefina Rodr\u00edguez Zamora y su pareja el procurador de Protecci\u00f3n al Ambiente del Estado de Tlaxcala, Iv\u00e1n Garc\u00eda Ju\u00e1rez, fue calificada como parte de una \u201ccampa\u00f1a\u201d por el coordinador de Comunicaci\u00f3n Social del Gobierno del Estado, Antonio Mart\u00ednez Vel\u00e1zquez, quien cuestion\u00f3 la forma en que fue construida la informaci\u00f3n y pidi\u00f3 tomarla con cautela.<\/p>\n<p style=\"text-align: justify;\">De acuerdo con la nota, a partir de im\u00e1genes obtenidas de perfiles personales y de indagatorias sobre su entorno, Rodr\u00edguez Zamora utilizar\u00eda art\u00edculos como un anillo de diamantes con un valor estimado de hasta 900 mil pesos, un reloj Cartier de alrededor de 140 mil, vestidos de dise\u00f1ador de hasta 30 mil pesos y calzado de lujo cotizado en unos 17 mil 500 pesos.<\/p>\n<p style=\"text-align: justify;\">En el caso de Iv\u00e1n Garc\u00eda Ju\u00e1rez, el medio refiere el uso de un Rolex Yacht-Master II valuado en aproximadamente 400 mil pesos, adem\u00e1s de mocasines de dise\u00f1ador de hasta 30 mil pesos y lentes Cartier con un precio cercano a los 30 mil pesos; adem\u00e1s, tambi\u00e9n hace referencia a viajes internacionales y vestimenta de marcas exclusivas.<\/p>\n<p style=\"text-align: justify;\">Al respecto, Antonio Mart\u00ednez Vel\u00e1zquez se\u00f1al\u00f3 que la publicaci\u00f3n ni siquiera aparece firmada y cuestion\u00f3 el uso de algunas im\u00e1genes, as\u00ed como los datos utilizados para atribuir precios a determinados art\u00edculos.<\/p>\n<p style=\"text-align: justify;\">A su consideraci\u00f3n, la informaci\u00f3n presenta una narrativa de lujo y derroche a partir de elementos que, -dijo- no est\u00e1n plenamente acreditados en la propia publicaci\u00f3n.<\/p>\n<p style=\"text-align: justify;\">En ese contexto, compar\u00f3 la cobertura con publicaciones recientes sobre Andr\u00e9s Manuel L\u00f3pez Beltr\u00e1n, en las que tambi\u00e9n se ha puesto el foco en el costo de determinados art\u00edculos durante reuniones privadas.<\/p>\n<p style=\"text-align: justify;\">La referencia, la utiliz\u00f3 para cuestionar lo que considera una forma recurrente de construir narrativas sobre el lujo a partir de im\u00e1genes y precios atribuidos.<\/p>\n<p style=\"text-align: justify;\">\u201cEs una campa\u00f1a\u201d, sostuvo el funcionario al referirse a este tipo de publicaciones, y consider\u00f3 que tambi\u00e9n debe existir responsabilidad de los medios para acreditar los datos que presentan.<\/p>\n<p style=\"text-align: justify;\">No obstante, Mart\u00ednez Vel\u00e1zquez evit\u00f3 que la discusi\u00f3n se quedara \u00fanicamente en la defensa de Rodr\u00edguez Zamora y retom\u00f3 el llamado que hizo la presidenta Claudia Sheinbaum durante su Segundo Informe de Gobierno para que los servidores p\u00fablicos se conduzcan con sencillez y austeridad.<\/p>\n<p style=\"text-align: justify;\">Sostuvo que ese principio debe aplicarse a todos los niveles de gobierno y, particularmente, al manejo de los recursos p\u00fablicos.<\/p>\n<p style=\"text-align: justify;\">\u201cUno de los principios m\u00e1s importantes de la transformaci\u00f3n es que no puede haber gobierno rico con pueblo pobre\u201d, se\u00f1al\u00f3.<\/p>\n<p style=\"text-align: justify;\">Para el coordinador de Comunicaci\u00f3n Social, el escrutinio debe centrarse en c\u00f3mo utilizan los funcionarios los recursos p\u00fablicos, como vi\u00e1ticos, viajes y gastos relacionados con el ejercicio de sus responsabilidades, y no necesariamente en aquello que puedan adquirir con recursos propios.<\/p>\n<p style=\"text-align: justify;\">Mart\u00ednez Vel\u00e1zquez tambi\u00e9n defendi\u00f3 la trayectoria de Rodr\u00edguez Zamora, a quien destac\u00f3 como una representante de Tlaxcala dentro del Gobierno federal, y consider\u00f3 necesario separar los se\u00f1alamientos sobre su vida personal de una evaluaci\u00f3n sobre su desempe\u00f1o como secretaria de Turismo.<\/p>\n<p style=\"text-align: justify;\">Finalmente, el funcionario anticip\u00f3 que publicaciones similares podr\u00edan aparecer en contra de otros funcionarios y llam\u00f3 a mantener una postura cr\u00edtica frente a este tipo de contenidos, particularmente cuando \u2014dijo\u2014 se atribuyen costos, conversaciones o situaciones que no necesariamente pueden comprobarse con el material presentado.<\/p>\n","protected":false},"excerpt":{"rendered":"<p>El coordinador de Comunicaci\u00f3n Social cuestion\u00f3 el tratamiento de la publicaci\u00f3n de un medio a nivel nacional que acusa a la funcionaria tlaxcalteca de utilizar presuntos art\u00edculos de lujo, pero reconoci\u00f3 que el llamado de Claudia Sheinbaum a la austeridad debe ser atendido por todos los servidores p\u00fablicos Daniel Angulo | La publicaci\u00f3n de Reforma [&hellip;]<\/p>\n","protected":false},"author":5,"featured_media":84366,"comment_status":"open","ping_status":"open","sticky":false,"template":"","format":"standard","meta":{"footnotes":""},"categories":[3,247],"tags":[],"class_list":["post-84365","post","type-post","status-publish","format-standard","has-post-thumbnail","hentry","category-8-columnas","category-politica"],"amp_enabled":true,"_links":{"self":[{"href":"https:\/\/labestiapolitica.com.mx\/index.php?rest_route=\/wp\/v2\/posts\/84365","targetHints":{"allow":["GET"]}}],"collection":[{"href":"https:\/\/labestiapolitica.com.mx\/index.php?rest_route=\/wp\/v2\/posts"}],"about":[{"href":"https:\/\/labestiapolitica.com.mx\/index.php?rest_route=\/wp\/v2\/types\/post"}],"author":[{"embeddable":true,"href":"https:\/\/labestiapolitica.com.mx\/index.php?rest_route=\/wp\/v2\/users\/5"}],"replies":[{"embeddable":true,"href":"https:\/\/labestiapolitica.com.mx\/index.php?rest_route=%2Fwp%2Fv2%2Fcomments&post=84365"}],"version-history":[{"count":2,"href":"https:\/\/labestiapolitica.com.mx\/index.php?rest_route=\/wp\/v2\/posts\/84365\/revisions"}],"predecessor-version":[{"id":84368,"href":"https:\/\/labestiapolitica.com.mx\/index.php?rest_route=\/wp\/v2\/posts\/84365\/revisions\/84368"}],"wp:featuredmedia":[{"embeddable":true,"href":"https:\/\/labestiapolitica.com.mx\/index.php?rest_route=\/wp\/v2\/media\/84366"}],"wp:attachment":[{"href":"https:\/\/labestiapolitica.com.mx\/index.php?rest_route=%2Fwp%2Fv2%2Fmedia&parent=84365"}],"wp:term":[{"taxonomy":"category","embeddable":true,"href":"https:\/\/labestiapolitica.com.mx\/index.php?rest_route=%2Fwp%2Fv2%2Fcategories&post=84365"},{"taxonomy":"post_tag","embeddable":true,"href":"https:\/\/labestiapolitica.com.mx\/index.php?rest_route=%2Fwp%2Fv2%2Ftags&post=84365"}],"curies":[{"name":"wp","href":"https:\/\/api.w.org\/{rel}","templated":true}]}}