{"id":84370,"date":"2026-09-02T15:09:13","date_gmt":"2026-09-02T21:09:13","guid":{"rendered":"https:\/\/labestiapolitica.com.mx\/?p=84370"},"modified":"2026-09-02T15:09:13","modified_gmt":"2026-09-02T21:09:13","slug":"sociologante-cambios-en-face-e-instagram-para-las-infancias-pero-no-en-todo-el-mundo","status":"publish","type":"post","link":"https:\/\/labestiapolitica.com.mx\/?p=84370","title":{"rendered":"SOCIOLOGANTE | Cambios en Face e Instagram para las infancias, pero no en todo el mundo."},"content":{"rendered":"<p style=\"text-align: justify;\"><em><strong>Dra. Elsa Mart\u00ednez Flores<\/strong> <\/em><\/p>\n<p style=\"text-align: justify;\">Meta acaba de recibir una de las mayores llamadas de atenci\u00f3n de su historia: casi 17 mil millones de d\u00f3lares y cambios profundos en la manera en que los adolescentes usan Facebook e Instagram en Estados Unidos.<\/p>\n<p style=\"text-align: justify;\">Mark Zuckerberg no solo acept\u00f3 nuevas restricciones para los adolescentes en Facebook e Instagram; tambi\u00e9n hizo un llamado directo a TikTok y YouTube para que adopten medidas similares.<\/p>\n<p style=\"text-align: justify;\">En una carta abierta, plante\u00f3 que las tres plataformas deber\u00edan poner l\u00edmites al tiempo de uso, especialmente durante la noche, para evitar que los menores de edad simplemente abandonen una aplicaci\u00f3n y se vayan a otra para seguir conectados.<\/p>\n<p style=\"text-align: justify;\">Meta propone un l\u00edmite diario de dos horas de uso acumulado, bloqueo autom\u00e1tico entre la medianoche y las seis de la ma\u00f1ana, menos notificaciones durante el horario escolar y la prohibici\u00f3n de filtros que imiten cirug\u00edas est\u00e9ticas.<\/p>\n<p style=\"text-align: justify;\">Es importante precisar algo: el acuerdo aplica \u00fanicamente a los adolescentes de los estados firmantes y no crea ning\u00fan precedente fuera de Estados Unidos, as\u00ed que estas medidas no llegan de forma autom\u00e1tica a M\u00e9xico ni al resto del mundo.<\/p>\n<p style=\"text-align: justify;\">Desde una mirada sociol\u00f3gica, aqu\u00ed hay algo m\u00e1s que una empresa que paga una cantidad millonaria, tambi\u00e9n busca que sus competidores modifiquen sus plataformas para que la responsabilidad no recaiga \u00fanicamente sobre su compa\u00f1\u00eda.<\/p>\n<p style=\"text-align: justify;\">Intenta convertir las restricciones en una regla compartida: si todos ponen l\u00edmites, ninguna plataforma pierde usuarios por proteger a los menores. Pero fuera de Estados Unidos surge la pregunta: si estas medidas son necesarias, \u00bfpor qu\u00e9 no aplicarlas tambi\u00e9n en M\u00e9xico y otros pa\u00edses?<\/p>\n<p style=\"text-align: justify;\">El algoritmo es global, pero la protecci\u00f3n depende todav\u00eda de las leyes y de la capacidad de cada sociedad para exigir responsabilidades. En Estados Unidos hubo denuncias, investigaciones y procesos judiciales que llevaron a Meta a negociar estas modificaciones; fuera de ese territorio, las mismas reglas no se activan autom\u00e1ticamente.<\/p>\n<p style=\"text-align: justify;\">Y ah\u00ed aparece otra paradoja: \u00bftendr\u00e1n que esperar otros pa\u00edses a que existan denuncias similares para que Meta aplique las mismas medidas que ya acept\u00f3 en Estados Unidos? la discusi\u00f3n deja de ser solamente cu\u00e1nto pagar\u00e1 Meta y pasa a ser por qu\u00e9 la protecci\u00f3n tendr\u00eda que depender de que una sociedad llegue primero a los tribunales para obtenerla.<\/p>\n<p style=\"text-align: justify;\">Porque mientras en Estados Unidos Meta modifica sus reglas, en otros pa\u00edses sus plataformas seguir\u00e1n compitiendo por la atenci\u00f3n de los adolescentes bajo el mismo modelo de scroll, recomendaciones y notificaciones.<\/p>\n<p style=\"text-align: justify;\">Y aqu\u00ed s\u00ed hay una responsabilidad que no puede diluirse: si Meta sabe qu\u00e9 mecanismos pueden hacer m\u00e1s segura su plataforma para los menores, \u00bfpor qu\u00e9 esperar a que otro pa\u00eds la demande para aplicarlos?<\/p>\n<p style=\"text-align: justify;\">La pregunta para Zuckerberg es inevitable: si los l\u00edmites protegen a los adolescentes estadounidenses, \u00bfpor qu\u00e9 no proteger de la misma manera a los j\u00f3venes del resto del mundo? La tecnolog\u00eda es la misma; lo que cambia parece ser el costo que Meta est\u00e1 dispuesta a asumir para modificarla.<\/p>\n<p>&nbsp;<\/p>\n<p><img loading=\"lazy\" decoding=\"async\" class=\"aligncenter wp-image-79046 size-large\" src=\"https:\/\/labestiapolitica.com.mx\/wp-content\/uploads\/2026\/07\/AJ-uni-819x1024.jpeg\" alt=\"\" width=\"640\" height=\"800\" srcset=\"https:\/\/labestiapolitica.com.mx\/wp-content\/uploads\/2026\/07\/AJ-uni-819x1024.jpeg 819w, https:\/\/labestiapolitica.com.mx\/wp-content\/uploads\/2026\/07\/AJ-uni-240x300.jpeg 240w, https:\/\/labestiapolitica.com.mx\/wp-content\/uploads\/2026\/07\/AJ-uni-768x960.jpeg 768w, https:\/\/labestiapolitica.com.mx\/wp-content\/uploads\/2026\/07\/AJ-uni.jpeg 1080w\" sizes=\"auto, (max-width: 640px) 100vw, 640px\" \/><\/p>\n","protected":false},"excerpt":{"rendered":"<p>Dra. Elsa Mart\u00ednez Flores Meta acaba de recibir una de las mayores llamadas de atenci\u00f3n de su historia: casi 17 mil millones de d\u00f3lares y cambios profundos en la manera en que los adolescentes usan Facebook e Instagram en Estados Unidos. Mark Zuckerberg no solo acept\u00f3 nuevas restricciones para los adolescentes en Facebook e Instagram; [&hellip;]<\/p>\n","protected":false},"author":5,"featured_media":69052,"comment_status":"open","ping_status":"open","sticky":false,"template":"","format":"standard","meta":{"footnotes":""},"categories":[6],"tags":[],"class_list":["post-84370","post","type-post","status-publish","format-standard","has-post-thumbnail","hentry","category-opinion"],"amp_enabled":true,"_links":{"self":[{"href":"https:\/\/labestiapolitica.com.mx\/index.php?rest_route=\/wp\/v2\/posts\/84370","targetHints":{"allow":["GET"]}}],"collection":[{"href":"https:\/\/labestiapolitica.com.mx\/index.php?rest_route=\/wp\/v2\/posts"}],"about":[{"href":"https:\/\/labestiapolitica.com.mx\/index.php?rest_route=\/wp\/v2\/types\/post"}],"author":[{"embeddable":true,"href":"https:\/\/labestiapolitica.com.mx\/index.php?rest_route=\/wp\/v2\/users\/5"}],"replies":[{"embeddable":true,"href":"https:\/\/labestiapolitica.com.mx\/index.php?rest_route=%2Fwp%2Fv2%2Fcomments&post=84370"}],"version-history":[{"count":1,"href":"https:\/\/labestiapolitica.com.mx\/index.php?rest_route=\/wp\/v2\/posts\/84370\/revisions"}],"predecessor-version":[{"id":84371,"href":"https:\/\/labestiapolitica.com.mx\/index.php?rest_route=\/wp\/v2\/posts\/84370\/revisions\/84371"}],"wp:featuredmedia":[{"embeddable":true,"href":"https:\/\/labestiapolitica.com.mx\/index.php?rest_route=\/wp\/v2\/media\/69052"}],"wp:attachment":[{"href":"https:\/\/labestiapolitica.com.mx\/index.php?rest_route=%2Fwp%2Fv2%2Fmedia&parent=84370"}],"wp:term":[{"taxonomy":"category","embeddable":true,"href":"https:\/\/labestiapolitica.com.mx\/index.php?rest_route=%2Fwp%2Fv2%2Fcategories&post=84370"},{"taxonomy":"post_tag","embeddable":true,"href":"https:\/\/labestiapolitica.com.mx\/index.php?rest_route=%2Fwp%2Fv2%2Ftags&post=84370"}],"curies":[{"name":"wp","href":"https:\/\/api.w.org\/{rel}","templated":true}]}}