{"id":84372,"date":"2026-09-02T15:14:07","date_gmt":"2026-09-02T21:14:07","guid":{"rendered":"https:\/\/labestiapolitica.com.mx\/?p=84372"},"modified":"2026-09-02T15:14:25","modified_gmt":"2026-09-02T21:14:25","slug":"asesinan-al-tecladista-de-camilo-septimo-y-su-familia-hay-dos-detenidos","status":"publish","type":"post","link":"https:\/\/labestiapolitica.com.mx\/?p=84372","title":{"rendered":"Asesinan al tecladista de Camilo S\u00e9ptimo y su familia; hay dos detenidos."},"content":{"rendered":"<div class=\"entry-grid__content-area entry-main-text\">\n<header class=\"entry-header mb-4\">\n<div class=\"entry-info entry-info-header mb-0 mb-lg-2\">\n<ul>\n<li class=\"entry-info-header-block\" style=\"text-align: justify;\"><span style=\"text-align: justify;\">La Fiscal\u00eda del Edomex inform\u00f3 la detenci\u00f3n de dos hombres, presuntos autores del asesinato del tecladista de Camilo S\u00e9ptimo<\/span><\/li>\n<\/ul>\n<\/div>\n<\/header>\n<\/div>\n<div class=\"entry-grid__content-area2 entry-main-text\">\n<div class=\"row\">\n<div class=\"col-12 col-lg-8\">\n<div class=\"article-content\">\n<p style=\"text-align: justify;\"><strong>Jonathan Samuel Mel\u00e9ndez<\/strong>,\u00a0<strong>tecladista<\/strong>\u00a0de la banda de rock mexicano\u00a0<strong>Camilo<\/strong>\u00a0<strong>S\u00e9ptimo<\/strong>, fue\u00a0<strong>asesinado<\/strong>\u00a0en el Estado de M\u00e9xico.<\/p>\n<p style=\"text-align: justify;\">Los hechos ocurrieron la noche del 1 de septiembre en\u00a0<strong>Atizap\u00e1n de Zaragoza<\/strong>.<\/p>\n<p style=\"text-align: justify;\"><iframe class=\"perfmatters-lazy entered pmloaded\" src=\"https:\/\/www.google.com\/maps\/embed?pb=!1m18!1m12!1m3!1d3759.974859344175!2d-99.29068082501014!3d19.542692881760367!2m3!1f0!2f0!3f0!3m2!1i1024!2i768!4f13.1!3m3!1m2!1s0x85d21b5d6634e213%3A0xaf1e11c07f624533!2sGrand%20Viure!5e0!3m2!1sen!2smx!4v1788375513622!5m2!1sen!2smx\" allowfullscreen=\"allowfullscreen\" data-src=\"https:\/\/www.google.com\/maps\/embed?pb=!1m18!1m12!1m3!1d3759.974859344175!2d-99.29068082501014!3d19.542692881760367!2m3!1f0!2f0!3f0!3m2!1i1024!2i768!4f13.1!3m3!1m2!1s0x85d21b5d6634e213%3A0xaf1e11c07f624533!2sGrand%20Viure!5e0!3m2!1sen!2smx!4v1788375513622!5m2!1sen!2smx\" data-ll-status=\"loaded\" data-mce-fragment=\"1\"><\/iframe><\/p>\n<p style=\"text-align: justify;\">La v\u00edctima avis\u00f3 a un amigo que sostendr\u00eda una\u00a0<strong>reuni\u00f3n<\/strong>\u00a0con un\u00a0<strong>socio<\/strong>, pero que si no sab\u00eda de \u00e9l en algunas horas avisara a las autoridades.<\/p>\n<p style=\"text-align: justify;\">Dado que el amigo no supo m\u00e1s de Jonathan Samuel acudi\u00f3 a buscarlo al departamento donde viv\u00eda, junto con la Polic\u00eda.<\/p>\n<p style=\"text-align: justify;\">En el lugar fueron hallados los\u00a0<strong>cuerpos<\/strong>\u00a0del\u00a0<strong>m\u00fasico<\/strong>\u00a0y de su\u00a0<strong>familia<\/strong>.<\/p>\n<h2 style=\"text-align: justify;\">\u00a0\u00bfQu\u00e9 le ocurri\u00f3 al tecladista de Camilo S\u00e9ptimo?<\/h2>\n<p style=\"text-align: justify;\">En la sala del departamento se hall\u00f3 el\u00a0<strong>cuerpo<\/strong>\u00a0de\u00a0<strong>Jonathan<\/strong>\u00a0<strong>Mel\u00e9ndez<\/strong>, tecladista de Camilo S\u00e9ptimo.<\/p>\n<p style=\"text-align: justify;\">En el ba\u00f1o fueron localizados los\u00a0<strong>cuerpos<\/strong>\u00a0de Ana Paola,\u00a0<strong>esposa<\/strong>\u00a0del\u00a0<strong>m\u00fasico<\/strong>, y la\u00a0<strong>hija<\/strong>\u00a0de ambos, de aproximadamente 3 a\u00f1os de edad.<\/p>\n<p style=\"text-align: justify;\">Cabe destacar que Ana Paola se encontraba embarazada.<\/p>\n<figure id=\"attachment_1810486\" class=\"wp-caption alignnone\" style=\"text-align: justify;\" aria-labelledby=\"figcaption_attachment_1810486\"><figcaption id=\"figcaption_attachment_1810486\" class=\"wp-caption-text\">Jonathan Samuel, tecladista de la banda Camilo S\u00e9ptimo. Foto de @CamiloVIImx<\/figcaption><\/figure>\n<p style=\"text-align: justify;\">En una de las rec\u00e1maras se hall\u00f3 el\u00a0<strong>cuerpo<\/strong>\u00a0de Alexis,\u00a0<strong>trabajadora del<\/strong>\u00a0<strong>hogar<\/strong>.<\/p>\n<p style=\"text-align: justify;\">Todas las\u00a0<strong>v\u00edctimas<\/strong>\u00a0se encontraban\u00a0<strong>maniatadas<\/strong>; tres presentaban un\u00a0<strong>disparo<\/strong>\u00a0en la\u00a0<strong>cabeza<\/strong>\u00a0y una m\u00e1s en la\u00a0<strong>espalda<\/strong>.<\/p>\n<p style=\"text-align: justify;\">Asimismo, la\u00a0<strong>mascota<\/strong>\u00a0de la familia fue\u00a0<strong>asesinada<\/strong>.<\/p>\n<p style=\"text-align: justify;\">En otra de las rec\u00e1maras se hall\u00f3\u00a0<strong>vivo<\/strong>\u00a0a un\u00a0<strong>ni\u00f1o<\/strong>\u00a0de 6 a\u00f1os de edad, tambi\u00e9n hijo de Jonathan y Ana Paola. Al parecer se habr\u00eda escondido del o los responsables.<\/p>\n<p style=\"text-align: justify;\">Al departamento se movilizaron polic\u00edas municipales y estatales para las indagatorias pertinentes, en tanto que la Guardia Nacional se encarg\u00f3 del resguardo de la escena del crimen.<\/p>\n<h2 style=\"text-align: justify;\">\u00a0Detienen a dos por asesinato del tecladista de Camilo S\u00e9ptimo<\/h2>\n<p style=\"text-align: justify;\">La Fiscal\u00eda General de Justicia del Estado de M\u00e9xico (FGJEM) inform\u00f3 la\u00a0<strong>detenci\u00f3n<\/strong>\u00a0de\u00a0<strong>dos hombres<\/strong>\u00a0como presuntos\u00a0<strong>autores<\/strong>\u00a0del\u00a0<strong>multihomicidio<\/strong>.<\/p>\n<figure id=\"attachment_1810485\" class=\"wp-caption alignnone\" style=\"text-align: justify;\" aria-labelledby=\"figcaption_attachment_1810485\"><a href=\"https:\/\/lopezdoriga.com\/wp-content\/uploads\/2026\/09\/detenidos-por-el-asesinato-de-jonathan-samuel-tecladista-de-la-banda-camilo-septimo-y-su-familia.jpg\"><img loading=\"lazy\" decoding=\"async\" class=\"size-full wp-image-1810485 img-responsive \" title=\"\" src=\"https:\/\/lopezdoriga.com\/wp-content\/uploads\/2026\/09\/detenidos-por-el-asesinato-de-jonathan-samuel-tecladista-de-la-banda-camilo-septimo-y-su-familia.jpg\" sizes=\"auto, (max-width: 1200px) 100vw, 1200px\" srcset=\"https:\/\/lopezdoriga.com\/wp-content\/uploads\/2026\/09\/detenidos-por-el-asesinato-de-jonathan-samuel-tecladista-de-la-banda-camilo-septimo-y-su-familia.jpg 1200w, https:\/\/lopezdoriga.com\/wp-content\/uploads\/2026\/09\/detenidos-por-el-asesinato-de-jonathan-samuel-tecladista-de-la-banda-camilo-septimo-y-su-familia-300x185.jpg 300w, https:\/\/lopezdoriga.com\/wp-content\/uploads\/2026\/09\/detenidos-por-el-asesinato-de-jonathan-samuel-tecladista-de-la-banda-camilo-septimo-y-su-familia-1024x631.jpg 1024w, https:\/\/lopezdoriga.com\/wp-content\/uploads\/2026\/09\/detenidos-por-el-asesinato-de-jonathan-samuel-tecladista-de-la-banda-camilo-septimo-y-su-familia-768x474.jpg 768w\" alt=\"Asesinan al tecladista de Camilo S\u00e9ptimo y su familia; hay dos detenidos - detenidos-por-el-asesinato-de-jonathan-samuel-tecladista-de-la-banda-camilo-septimo-y-su-familia\" width=\"1200\" height=\"740\" \/><\/a><figcaption id=\"figcaption_attachment_1810485\" class=\"wp-caption-text\">Detenidos por el asesinato de Jonathan Samuel, tecladista de la banda Camilo S\u00e9ptimo, y su familia. Foto de @FiscaliaEdomex<\/figcaption><\/figure>\n<p style=\"text-align: justify;\">Uno de los detenidos fue identificado como\u00a0<strong>Diego<\/strong>\u00a0<strong>Sebasti\u00e1n<\/strong>,\u00a0<strong>socio<\/strong>\u00a0de\u00a0<strong>Jonathan<\/strong>\u00a0<strong>Samuel<\/strong>.<\/p>\n<p style=\"text-align: justify;\">El segundo detenido fue identificado como\u00a0<strong>Gerardo<\/strong>\u00a0N., investigado por su probable intervenci\u00f3n en los hechos.<\/p>\n<p style=\"text-align: justify;\">El secretario de Seguridad y Protecci\u00f3n Ciudadana,\u00a0<strong>Omar Garc\u00eda Harfuch<\/strong>,\u00a0<a href=\"https:\/\/x.com\/OHarfuch\/status\/2095235385765015720\" target=\"_blank\" rel=\"noopener noreferrer\">indic\u00f3<\/a>\u00a0que ante la gravedad del crimen\u00a0<strong>se coordinaron autoridades<\/strong>\u00a0del\u00a0<strong>Estado de M\u00e9xico<\/strong>, la\u00a0<strong>Ciudad de M\u00e9xico<\/strong>\u00a0y el\u00a0<strong>Gobierno de M\u00e9xico<\/strong>\u00a0para ubicar y detener a ambos sujetos en menos de 12 horas.<\/p>\n<p style=\"text-align: justify;\">Con informaci\u00f3n de Milenio y L\u00f3pez-D\u00f3riga Digital<\/p>\n<\/div>\n<\/div>\n<\/div>\n<\/div>\n","protected":false},"excerpt":{"rendered":"<p>La Fiscal\u00eda del Edomex inform\u00f3 la detenci\u00f3n de dos hombres, presuntos autores del asesinato del tecladista de Camilo S\u00e9ptimo Jonathan Samuel Mel\u00e9ndez,\u00a0tecladista\u00a0de la banda de rock mexicano\u00a0Camilo\u00a0S\u00e9ptimo, fue\u00a0asesinado\u00a0en el Estado de M\u00e9xico. Los hechos ocurrieron la noche del 1 de septiembre en\u00a0Atizap\u00e1n de Zaragoza. La v\u00edctima avis\u00f3 a un amigo que sostendr\u00eda una\u00a0reuni\u00f3n\u00a0con un\u00a0socio, pero [&hellip;]<\/p>\n","protected":false},"author":5,"featured_media":84373,"comment_status":"open","ping_status":"open","sticky":false,"template":"","format":"standard","meta":{"footnotes":""},"categories":[12,8],"tags":[],"class_list":["post-84372","post","type-post","status-publish","format-standard","has-post-thumbnail","hentry","category-brujula-2026","category-redes"],"amp_enabled":true,"_links":{"self":[{"href":"https:\/\/labestiapolitica.com.mx\/index.php?rest_route=\/wp\/v2\/posts\/84372","targetHints":{"allow":["GET"]}}],"collection":[{"href":"https:\/\/labestiapolitica.com.mx\/index.php?rest_route=\/wp\/v2\/posts"}],"about":[{"href":"https:\/\/labestiapolitica.com.mx\/index.php?rest_route=\/wp\/v2\/types\/post"}],"author":[{"embeddable":true,"href":"https:\/\/labestiapolitica.com.mx\/index.php?rest_route=\/wp\/v2\/users\/5"}],"replies":[{"embeddable":true,"href":"https:\/\/labestiapolitica.com.mx\/index.php?rest_route=%2Fwp%2Fv2%2Fcomments&post=84372"}],"version-history":[{"count":2,"href":"https:\/\/labestiapolitica.com.mx\/index.php?rest_route=\/wp\/v2\/posts\/84372\/revisions"}],"predecessor-version":[{"id":84375,"href":"https:\/\/labestiapolitica.com.mx\/index.php?rest_route=\/wp\/v2\/posts\/84372\/revisions\/84375"}],"wp:featuredmedia":[{"embeddable":true,"href":"https:\/\/labestiapolitica.com.mx\/index.php?rest_route=\/wp\/v2\/media\/84373"}],"wp:attachment":[{"href":"https:\/\/labestiapolitica.com.mx\/index.php?rest_route=%2Fwp%2Fv2%2Fmedia&parent=84372"}],"wp:term":[{"taxonomy":"category","embeddable":true,"href":"https:\/\/labestiapolitica.com.mx\/index.php?rest_route=%2Fwp%2Fv2%2Fcategories&post=84372"},{"taxonomy":"post_tag","embeddable":true,"href":"https:\/\/labestiapolitica.com.mx\/index.php?rest_route=%2Fwp%2Fv2%2Ftags&post=84372"}],"curies":[{"name":"wp","href":"https:\/\/api.w.org\/{rel}","templated":true}]}}