{"id":84376,"date":"2026-09-02T15:29:53","date_gmt":"2026-09-02T21:29:53","guid":{"rendered":"https:\/\/labestiapolitica.com.mx\/?p=84376"},"modified":"2026-09-02T15:29:53","modified_gmt":"2026-09-02T21:29:53","slug":"ilumina-gobierno-de-apizaco-el-centro-de-la-ciudad-con-motivo-de-las-fiestas-patrias","status":"publish","type":"post","link":"https:\/\/labestiapolitica.com.mx\/?p=84376","title":{"rendered":"Ilumina gobierno de Apizaco el centro de la ciudad con motivo de las fiestas patrias."},"content":{"rendered":"<blockquote>\n<ul>\n<li style=\"text-align: justify;\">\u200bEl alcalde, Javier Rivera Bonilla, encabez\u00f3 el encendido del alumbrado festivo en el coraz\u00f3n del municipio.<\/li>\n<li style=\"text-align: justify;\">\u200bEl evento cont\u00f3 con la amenizaci\u00f3n musical de mariachi y la asistencia de familias apizaquenses.<\/li>\n<\/ul>\n<\/blockquote>\n<p style=\"text-align: justify;\">En un ambiente festivo, de convivencia familiar y profundo orgullo nacional, el Gobierno Municipal de Apizaco llev\u00f3 a cabo el encendido del alumbrado alusivo a las Fiestas Patrias, vistiendo de luces tricolores el centro de la ciudad para conmemorar el inicio de la Independencia de M\u00e9xico.<\/p>\n<p style=\"text-align: justify;\">\u200bEl acto estuvo presidido por el Presidente Municipal, Javier Rivera Bonilla, acompa\u00f1ado por integrantes del Cabildo y servidores p\u00fablicos. La velada fue enmarcada por la emotiva interpretaci\u00f3n de mariachi, que puso el toque tradicional a la noche mexicana y reuni\u00f3 a decenas de familias rieleras.<\/p>\n<p style=\"text-align: justify;\">\u200bDurante su mensaje, el alcalde enfatiz\u00f3 que la iluminaci\u00f3n del centro de la ciudad simboliza el fervor patrio y la memoria de los h\u00e9roes nacionales, pero sobre todo, el esp\u00edritu de unidad apizaquense.<\/p>\n<p style=\"text-align: justify;\">Asimismo, subray\u00f3 que estas actividades responden a la visi\u00f3n la Cuarta Transformaci\u00f3n:<\/p>\n<p style=\"text-align: justify;\">\u200b\u00bbCelebrar a M\u00e9xico es recordar que con el pueblo todo y sin el pueblo nada. La verdadera fuerza de esta tierra radica en la uni\u00f3n, la solidaridad y el trabajo diario de las y los apizaquenses. Al gobernar con honestidad, garantizamos que nuestras tradiciones y espacios p\u00fablicos se dignifiquen para el disfrute de todas las familias\u00bb, expres\u00f3 el edil.<\/p>\n<p style=\"text-align: justify;\">\u200bCon este encendido decorativo en el cuadro central de Apizaco, el Ayuntamiento da inicio formal a las actividades conmemorativas del Mes Patrio, invitando a la ciudadan\u00eda a disfrutar del centro iluminado y a fortalecer la paz social y la identidad nacional.<\/p>\n<p>&nbsp;<\/p>\n<p><img loading=\"lazy\" decoding=\"async\" class=\"aligncenter wp-image-79046 size-large\" src=\"https:\/\/labestiapolitica.com.mx\/wp-content\/uploads\/2026\/07\/AJ-uni-819x1024.jpeg\" alt=\"\" width=\"640\" height=\"800\" srcset=\"https:\/\/labestiapolitica.com.mx\/wp-content\/uploads\/2026\/07\/AJ-uni-819x1024.jpeg 819w, https:\/\/labestiapolitica.com.mx\/wp-content\/uploads\/2026\/07\/AJ-uni-240x300.jpeg 240w, https:\/\/labestiapolitica.com.mx\/wp-content\/uploads\/2026\/07\/AJ-uni-768x960.jpeg 768w, https:\/\/labestiapolitica.com.mx\/wp-content\/uploads\/2026\/07\/AJ-uni.jpeg 1080w\" sizes=\"auto, (max-width: 640px) 100vw, 640px\" \/><\/p>\n","protected":false},"excerpt":{"rendered":"<p>\u200bEl alcalde, Javier Rivera Bonilla, encabez\u00f3 el encendido del alumbrado festivo en el coraz\u00f3n del municipio. \u200bEl evento cont\u00f3 con la amenizaci\u00f3n musical de mariachi y la asistencia de familias apizaquenses. En un ambiente festivo, de convivencia familiar y profundo orgullo nacional, el Gobierno Municipal de Apizaco llev\u00f3 a cabo el encendido del alumbrado alusivo [&hellip;]<\/p>\n","protected":false},"author":5,"featured_media":84377,"comment_status":"open","ping_status":"open","sticky":false,"template":"","format":"standard","meta":{"footnotes":""},"categories":[226,216],"tags":[],"class_list":["post-84376","post","type-post","status-publish","format-standard","has-post-thumbnail","hentry","category-apizaco","category-municipios"],"amp_enabled":true,"_links":{"self":[{"href":"https:\/\/labestiapolitica.com.mx\/index.php?rest_route=\/wp\/v2\/posts\/84376","targetHints":{"allow":["GET"]}}],"collection":[{"href":"https:\/\/labestiapolitica.com.mx\/index.php?rest_route=\/wp\/v2\/posts"}],"about":[{"href":"https:\/\/labestiapolitica.com.mx\/index.php?rest_route=\/wp\/v2\/types\/post"}],"author":[{"embeddable":true,"href":"https:\/\/labestiapolitica.com.mx\/index.php?rest_route=\/wp\/v2\/users\/5"}],"replies":[{"embeddable":true,"href":"https:\/\/labestiapolitica.com.mx\/index.php?rest_route=%2Fwp%2Fv2%2Fcomments&post=84376"}],"version-history":[{"count":1,"href":"https:\/\/labestiapolitica.com.mx\/index.php?rest_route=\/wp\/v2\/posts\/84376\/revisions"}],"predecessor-version":[{"id":84378,"href":"https:\/\/labestiapolitica.com.mx\/index.php?rest_route=\/wp\/v2\/posts\/84376\/revisions\/84378"}],"wp:featuredmedia":[{"embeddable":true,"href":"https:\/\/labestiapolitica.com.mx\/index.php?rest_route=\/wp\/v2\/media\/84377"}],"wp:attachment":[{"href":"https:\/\/labestiapolitica.com.mx\/index.php?rest_route=%2Fwp%2Fv2%2Fmedia&parent=84376"}],"wp:term":[{"taxonomy":"category","embeddable":true,"href":"https:\/\/labestiapolitica.com.mx\/index.php?rest_route=%2Fwp%2Fv2%2Fcategories&post=84376"},{"taxonomy":"post_tag","embeddable":true,"href":"https:\/\/labestiapolitica.com.mx\/index.php?rest_route=%2Fwp%2Fv2%2Ftags&post=84376"}],"curies":[{"name":"wp","href":"https:\/\/api.w.org\/{rel}","templated":true}]}}