{"id":84379,"date":"2026-09-02T15:32:19","date_gmt":"2026-09-02T21:32:19","guid":{"rendered":"https:\/\/labestiapolitica.com.mx\/?p=84379"},"modified":"2026-09-02T15:32:19","modified_gmt":"2026-09-02T21:32:19","slug":"pan-solo-ira-con-oposicion-si-miriam-martinez-encabeza-reprocha-presunta-operacion-desde-casa-de-gobierno","status":"publish","type":"post","link":"https:\/\/labestiapolitica.com.mx\/?p=84379","title":{"rendered":"PAN solo ir\u00e1 con oposici\u00f3n si Miriam Mart\u00ednez encabeza; reprocha presunta operaci\u00f3n desde Casa de Gobierno."},"content":{"rendered":"<p style=\"text-align: justify;\"><em><strong>Demian M\u00e1rquez<\/strong><\/em> | El dirigente estatal del PAN, \u00c1ngelo Guti\u00e9rrez Hern\u00e1ndez, descart\u00f3 por ahora la posibilidad de una alianza electoral con otros partidos de oposici\u00f3n en Tlaxcala y afirm\u00f3 que Acci\u00f3n Nacional se prepara para competir en solitario en 2027.<\/p>\n<p style=\"text-align: justify;\">Explic\u00f3 que, aunque las dirigencias estatales ser\u00e1n escuchadas, la decisi\u00f3n final sobre las coaliciones corresponder\u00e1 a la Comisi\u00f3n Permanente nacional del partido.<\/p>\n<p style=\"text-align: justify;\">Guti\u00e9rrez Hern\u00e1ndez consider\u00f3 complicado concretar una coalici\u00f3n debido a la distribuci\u00f3n de candidaturas y los bloques de competitividad que deber\u00e1n definirse para las 17 gubernaturas que estar\u00e1n en juego.<\/p>\n<p style=\"text-align: justify;\">Se\u00f1al\u00f3 que el PAN contempla competir solo por la gubernatura, diputaciones locales y presidencias municipales, y sostuvo que, en caso de abrirse la posibilidad de una alianza, esta tendr\u00eda que ser encabezada por la diputada local Miriam Mart\u00ednez S\u00e1nchez.<\/p>\n<p style=\"text-align: justify;\">El dirigente panista asegur\u00f3 que su partido ya trabaja rumbo a la elecci\u00f3n de 2027 y anunci\u00f3 que el pr\u00f3ximo 12 de septiembre dar\u00e1 inicio formal a su preparaci\u00f3n electoral, con cerca de 50 aspirantes y la estructura partidista que, afirm\u00f3, buscar\u00e1 posicionar al PAN como una opci\u00f3n competitiva para la gubernatura.<\/p>\n<p style=\"text-align: justify;\">Tambi\u00e9n sostuvo que actualmente se encuentran a nueve puntos de Morena, aunque reconoci\u00f3 que las mediciones deber\u00e1n revisarse una vez que ese partido defina a su candidato.<\/p>\n<p style=\"text-align: justify;\">Respecto a las im\u00e1genes difundidas en redes sociales sobre una presunta operaci\u00f3n pol\u00edtica desde Casa de Gobierno en favor de Alfonso S\u00e1nchez Garc\u00eda, Guti\u00e9rrez Hern\u00e1ndez reprob\u00f3 lo ocurrido y ampli\u00f3 el se\u00f1alamiento a otras instituciones p\u00fablicas estatales.<\/p>\n<p style=\"text-align: justify;\">Sin embargo, aclar\u00f3 que el PAN no centrar\u00e1 sus esfuerzos en denunciar el proceso interno de Morena, pues consider\u00f3 que corresponde a los propios contendientes de ese partido cuestionar cualquier irregularidad.<\/p>\n<p style=\"text-align: justify;\">Finalmente, el dirigente estatal afirm\u00f3 que Acci\u00f3n Nacional busca capitalizar el descontento ciudadano que, desde su perspectiva, existe hacia el gobierno estatal y el proceso interno de Morena.<\/p>\n<p style=\"text-align: justify;\">Se\u00f1al\u00f3 que su partido pretende llegar a 2027 con una oferta electoral definida y consider\u00f3 que los cuestionamientos sobre el uso de instituciones p\u00fablicas podr\u00edan traducirse en un voto de castigo, aunque dicha afirmaci\u00f3n corresponde a su valoraci\u00f3n pol\u00edtica.<\/p>\n<p>&nbsp;<\/p>\n<p><img loading=\"lazy\" decoding=\"async\" class=\"aligncenter wp-image-79046 size-large\" src=\"https:\/\/labestiapolitica.com.mx\/wp-content\/uploads\/2026\/07\/AJ-uni-819x1024.jpeg\" alt=\"\" width=\"640\" height=\"800\" srcset=\"https:\/\/labestiapolitica.com.mx\/wp-content\/uploads\/2026\/07\/AJ-uni-819x1024.jpeg 819w, https:\/\/labestiapolitica.com.mx\/wp-content\/uploads\/2026\/07\/AJ-uni-240x300.jpeg 240w, https:\/\/labestiapolitica.com.mx\/wp-content\/uploads\/2026\/07\/AJ-uni-768x960.jpeg 768w, https:\/\/labestiapolitica.com.mx\/wp-content\/uploads\/2026\/07\/AJ-uni.jpeg 1080w\" sizes=\"auto, (max-width: 640px) 100vw, 640px\" \/><\/p>\n","protected":false},"excerpt":{"rendered":"<p>Demian M\u00e1rquez | El dirigente estatal del PAN, \u00c1ngelo Guti\u00e9rrez Hern\u00e1ndez, descart\u00f3 por ahora la posibilidad de una alianza electoral con otros partidos de oposici\u00f3n en Tlaxcala y afirm\u00f3 que Acci\u00f3n Nacional se prepara para competir en solitario en 2027. Explic\u00f3 que, aunque las dirigencias estatales ser\u00e1n escuchadas, la decisi\u00f3n final sobre las coaliciones corresponder\u00e1 [&hellip;]<\/p>\n","protected":false},"author":5,"featured_media":84380,"comment_status":"open","ping_status":"open","sticky":false,"template":"","format":"standard","meta":{"footnotes":""},"categories":[3,248,264,247],"tags":[],"class_list":["post-84379","post","type-post","status-publish","format-standard","has-post-thumbnail","hentry","category-8-columnas","category-pan","category-partidos-politicos","category-politica"],"amp_enabled":true,"_links":{"self":[{"href":"https:\/\/labestiapolitica.com.mx\/index.php?rest_route=\/wp\/v2\/posts\/84379","targetHints":{"allow":["GET"]}}],"collection":[{"href":"https:\/\/labestiapolitica.com.mx\/index.php?rest_route=\/wp\/v2\/posts"}],"about":[{"href":"https:\/\/labestiapolitica.com.mx\/index.php?rest_route=\/wp\/v2\/types\/post"}],"author":[{"embeddable":true,"href":"https:\/\/labestiapolitica.com.mx\/index.php?rest_route=\/wp\/v2\/users\/5"}],"replies":[{"embeddable":true,"href":"https:\/\/labestiapolitica.com.mx\/index.php?rest_route=%2Fwp%2Fv2%2Fcomments&post=84379"}],"version-history":[{"count":1,"href":"https:\/\/labestiapolitica.com.mx\/index.php?rest_route=\/wp\/v2\/posts\/84379\/revisions"}],"predecessor-version":[{"id":84381,"href":"https:\/\/labestiapolitica.com.mx\/index.php?rest_route=\/wp\/v2\/posts\/84379\/revisions\/84381"}],"wp:featuredmedia":[{"embeddable":true,"href":"https:\/\/labestiapolitica.com.mx\/index.php?rest_route=\/wp\/v2\/media\/84380"}],"wp:attachment":[{"href":"https:\/\/labestiapolitica.com.mx\/index.php?rest_route=%2Fwp%2Fv2%2Fmedia&parent=84379"}],"wp:term":[{"taxonomy":"category","embeddable":true,"href":"https:\/\/labestiapolitica.com.mx\/index.php?rest_route=%2Fwp%2Fv2%2Fcategories&post=84379"},{"taxonomy":"post_tag","embeddable":true,"href":"https:\/\/labestiapolitica.com.mx\/index.php?rest_route=%2Fwp%2Fv2%2Ftags&post=84379"}],"curies":[{"name":"wp","href":"https:\/\/api.w.org\/{rel}","templated":true}]}}