{"id":84384,"date":"2026-09-02T15:38:12","date_gmt":"2026-09-02T21:38:12","guid":{"rendered":"https:\/\/labestiapolitica.com.mx\/?p=84384"},"modified":"2026-09-02T15:38:12","modified_gmt":"2026-09-02T21:38:12","slug":"descarta-mauricio-pozos-reeleccion-pero-deja-abierta-posibilidad-de-buscar-una-diputacion","status":"publish","type":"post","link":"https:\/\/labestiapolitica.com.mx\/?p=84384","title":{"rendered":"Descarta Mauricio Pozos reelecci\u00f3n pero deja abierta posibilidad de buscar una diputaci\u00f3n."},"content":{"rendered":"<ul>\n<li style=\"text-align: justify;\">El alcalde de Amaxac de Guerrero se\u00f1al\u00f3 que esperar\u00e1 las definiciones de su movimiento y que cualquier decisi\u00f3n ser\u00e1 consensuada con la ciudadan\u00eda<\/li>\n<\/ul>\n<p style=\"text-align: justify;\"><em><strong>Daniel Angulo<\/strong><\/em> | El presidente municipal de Amaxac de Guerrero, Mauricio Pozos Casta\u00f1\u00f3n, cerr\u00f3 la puerta a una eventual reelecci\u00f3n al frente del Ayuntamiento, aunque dej\u00f3 abierta la posibilidad de contender por una diputaci\u00f3n en el pr\u00f3ximo proceso electoral, al se\u00f1alar que, de presentarse la oportunidad de buscar alg\u00fan esca\u00f1o, levantar\u00e1 la mano.<\/p>\n<p style=\"text-align: justify;\">Pozos Casta\u00f1\u00f3n sostuvo que su decisi\u00f3n responde a una convicci\u00f3n personal, pues asegur\u00f3 que no compagina con la idea de reelegirse; sin embargo, record\u00f3 que conoce el territorio y que en el pasado tuvo la oportunidad de recorrer el distrito federal III realizando actividades partidistas, por lo que esperar\u00e1 a que se definan los escenarios pol\u00edticos para determinar si participa por alg\u00fan espacio.<\/p>\n<p style=\"text-align: justify;\">\u201cYo no compagino con una idea de una reelecci\u00f3n; si hay la posibilidad en alg\u00fan momento de levantar la mano para buscar alg\u00fan esca\u00f1o en alg\u00fan lugar, pues lo haremos\u201d, afirm\u00f3.<\/p>\n<p style=\"text-align: justify;\">El alcalde tambi\u00e9n hizo un llamado a mantener la unidad dentro de la llamada Cuarta Transformaci\u00f3n y reconoci\u00f3 acercamientos con integrantes del Partido Verde Ecologista de M\u00e9xico y del Partido del Trabajo, al considerar que la suma de fuerzas ser\u00e1 determinante para el escenario electoral.<\/p>\n<p style=\"text-align: justify;\">Dijo que, por ahora, ser\u00e1 respetuoso de las determinaciones de su movimiento y que cualquier decisi\u00f3n deber\u00e1 tomarse con madurez, sin descuidar la administraci\u00f3n municipal que todav\u00eda encabeza.<\/p>\n<p style=\"text-align: justify;\">\u201cTenemos que esperar las determinaciones y definiciones de nuestro movimiento, una vez que el escenario pol\u00edtico est\u00e9 un poquito m\u00e1s iluminado, ya iremos determinando las acciones correspondientes\u201d, se\u00f1al\u00f3.<\/p>\n<p style=\"text-align: justify;\">En cuanto al municipio, Pozos Casta\u00f1\u00f3n reconoci\u00f3 que, aunque existe satisfacci\u00f3n por lo realizado durante los dos primeros a\u00f1os de gobierno, todav\u00eda hay pendientes importantes que pretende concretar durante el \u00faltimo a\u00f1o de la administraci\u00f3n.<\/p>\n<p style=\"text-align: justify;\">Explic\u00f3 que actualmente se trabaja en coordinaci\u00f3n con el Gobierno del Estado y con recursos municipales para impulsar proyectos de obra p\u00fablica que, dijo, tengan un impacto directo en la poblaci\u00f3n.<\/p>\n<p style=\"text-align: justify;\">Entre las acciones previstas se encuentra la remodelaci\u00f3n del auditorio municipal, cuya infraestructura presenta un importante deterioro; la construcci\u00f3n de un nuevo pante\u00f3n en la comunidad de San Dami\u00e1n Tlacocalpan y la construcci\u00f3n del mercado municipal.<\/p>\n<p style=\"text-align: justify;\">Estos proyectos forman parte de un esquema de inversi\u00f3n bajo el programa Peso a Peso, con participaci\u00f3n de recursos estatales y municipales.<\/p>\n<p style=\"text-align: justify;\">En materia de seguridad, el presidente municipal asegur\u00f3 que Amaxac mantiene bajos \u00edndices delictivos y atribuy\u00f3 estos resultados al trabajo coordinado entre las autoridades municipales, los comit\u00e9s vecinales y las instituciones de seguridad de los distintos \u00f3rdenes de gobierno.<\/p>\n","protected":false},"excerpt":{"rendered":"<p>El alcalde de Amaxac de Guerrero se\u00f1al\u00f3 que esperar\u00e1 las definiciones de su movimiento y que cualquier decisi\u00f3n ser\u00e1 consensuada con la ciudadan\u00eda Daniel Angulo | El presidente municipal de Amaxac de Guerrero, Mauricio Pozos Casta\u00f1\u00f3n, cerr\u00f3 la puerta a una eventual reelecci\u00f3n al frente del Ayuntamiento, aunque dej\u00f3 abierta la posibilidad de contender por [&hellip;]<\/p>\n","protected":false},"author":5,"featured_media":84385,"comment_status":"open","ping_status":"open","sticky":false,"template":"","format":"standard","meta":{"footnotes":""},"categories":[3,247],"tags":[],"class_list":["post-84384","post","type-post","status-publish","format-standard","has-post-thumbnail","hentry","category-8-columnas","category-politica"],"amp_enabled":true,"_links":{"self":[{"href":"https:\/\/labestiapolitica.com.mx\/index.php?rest_route=\/wp\/v2\/posts\/84384","targetHints":{"allow":["GET"]}}],"collection":[{"href":"https:\/\/labestiapolitica.com.mx\/index.php?rest_route=\/wp\/v2\/posts"}],"about":[{"href":"https:\/\/labestiapolitica.com.mx\/index.php?rest_route=\/wp\/v2\/types\/post"}],"author":[{"embeddable":true,"href":"https:\/\/labestiapolitica.com.mx\/index.php?rest_route=\/wp\/v2\/users\/5"}],"replies":[{"embeddable":true,"href":"https:\/\/labestiapolitica.com.mx\/index.php?rest_route=%2Fwp%2Fv2%2Fcomments&post=84384"}],"version-history":[{"count":1,"href":"https:\/\/labestiapolitica.com.mx\/index.php?rest_route=\/wp\/v2\/posts\/84384\/revisions"}],"predecessor-version":[{"id":84386,"href":"https:\/\/labestiapolitica.com.mx\/index.php?rest_route=\/wp\/v2\/posts\/84384\/revisions\/84386"}],"wp:featuredmedia":[{"embeddable":true,"href":"https:\/\/labestiapolitica.com.mx\/index.php?rest_route=\/wp\/v2\/media\/84385"}],"wp:attachment":[{"href":"https:\/\/labestiapolitica.com.mx\/index.php?rest_route=%2Fwp%2Fv2%2Fmedia&parent=84384"}],"wp:term":[{"taxonomy":"category","embeddable":true,"href":"https:\/\/labestiapolitica.com.mx\/index.php?rest_route=%2Fwp%2Fv2%2Fcategories&post=84384"},{"taxonomy":"post_tag","embeddable":true,"href":"https:\/\/labestiapolitica.com.mx\/index.php?rest_route=%2Fwp%2Fv2%2Ftags&post=84384"}],"curies":[{"name":"wp","href":"https:\/\/api.w.org\/{rel}","templated":true}]}}