{"id":84390,"date":"2026-09-02T15:45:33","date_gmt":"2026-09-02T21:45:33","guid":{"rendered":"https:\/\/labestiapolitica.com.mx\/?p=84390"},"modified":"2026-09-02T16:34:07","modified_gmt":"2026-09-02T22:34:07","slug":"artesanos-de-la-plaza-xicohtencatl-cierran-filas-con-alfonso-sanchez-rumbo-a-2027","status":"publish","type":"post","link":"https:\/\/labestiapolitica.com.mx\/?p=84390","title":{"rendered":"Artesanos de la Plaza Xicoht\u00e9ncatl cierran filas con Alfonso S\u00e1nchez rumbo a 2027."},"content":{"rendered":"<p style=\"text-align: justify;\"><em><strong>Mariana LOVERA<\/strong><\/em> | Integrantes del Grupo Independiente de Artesanos Capitalinos manifestaron p\u00fablicamente su respaldo a las aspiraciones pol\u00edticas de Alfonso S\u00e1nchez Garc\u00eda, presidente municipal de Tlaxcala con licencia y participante en el proceso interno de Morena.<\/p>\n<p style=\"text-align: justify;\">Durante un pronunciamiento, alrededor de 25 artesanos semifijos de la Plaza Xicoht\u00e9ncatl, encabezados por V\u00edctor Hugo Dur\u00e1n Flores, reconocieron las acciones realizadas durante la administraci\u00f3n de S\u00e1nchez Garc\u00eda en beneficio de este sector.<\/p>\n<p style=\"text-align: justify;\">Los comerciantes se\u00f1alaron que entre las principales medidas que valoran se encuentra la recuperaci\u00f3n de los espacios que utilizaban para trabajar, luego de que, seg\u00fan expusieron, hab\u00edan sido retirados durante el gobierno municipal de Jorge Alfredo Corichi.<\/p>\n<p style=\"text-align: justify;\">Asimismo, destacaron que actualmente pueden instalarse y comercializar sus productos durante toda la semana, y no \u00fanicamente los fines de semana, como ocurr\u00eda anteriormente.<\/p>\n<p style=\"text-align: justify;\">Otro de los aspectos mencionados fue el proyecto para uniformar los puntos de venta mediante la adquisici\u00f3n de nuevos carritos, esquema en el que participaron tanto los artesanos como el Ayuntamiento capitalino.<\/p>\n<p style=\"text-align: justify;\">De acuerdo con los integrantes del grupo, estas acciones han permitido mejorar la presentaci\u00f3n de sus productos y, en consecuencia, favorecer sus ventas.<\/p>\n<p style=\"text-align: justify;\">A partir de estos resultados, los artesanos hicieron p\u00fablico su respaldo a Alfonso S\u00e1nchez Garc\u00eda dentro de la contienda interna de Morena, con miras a que posteriormente pueda obtener la candidatura al Gobierno de Tlaxcala en el proceso electoral local 2026-2027.<\/p>\n<p style=\"text-align: justify;\">Finalmente, plantearon que, de concretarse este escenario, buscar\u00edan impulsar una agenda enfocada en fortalecer el turismo y generar mejores condiciones para quienes se dedican a la actividad artesanal en la entidad.<\/p>\n<p>&nbsp;<\/p>\n<p>&nbsp;<\/p>\n","protected":false},"excerpt":{"rendered":"<p>Mariana LOVERA | Integrantes del Grupo Independiente de Artesanos Capitalinos manifestaron p\u00fablicamente su respaldo a las aspiraciones pol\u00edticas de Alfonso S\u00e1nchez Garc\u00eda, presidente municipal de Tlaxcala con licencia y participante en el proceso interno de Morena. Durante un pronunciamiento, alrededor de 25 artesanos semifijos de la Plaza Xicoht\u00e9ncatl, encabezados por V\u00edctor Hugo Dur\u00e1n Flores, reconocieron [&hellip;]<\/p>\n","protected":false},"author":6,"featured_media":84391,"comment_status":"open","ping_status":"open","sticky":false,"template":"","format":"standard","meta":{"footnotes":""},"categories":[3,7],"tags":[],"class_list":["post-84390","post","type-post","status-publish","format-standard","has-post-thumbnail","hentry","category-8-columnas","category-ciudadanos"],"amp_enabled":true,"_links":{"self":[{"href":"https:\/\/labestiapolitica.com.mx\/index.php?rest_route=\/wp\/v2\/posts\/84390","targetHints":{"allow":["GET"]}}],"collection":[{"href":"https:\/\/labestiapolitica.com.mx\/index.php?rest_route=\/wp\/v2\/posts"}],"about":[{"href":"https:\/\/labestiapolitica.com.mx\/index.php?rest_route=\/wp\/v2\/types\/post"}],"author":[{"embeddable":true,"href":"https:\/\/labestiapolitica.com.mx\/index.php?rest_route=\/wp\/v2\/users\/6"}],"replies":[{"embeddable":true,"href":"https:\/\/labestiapolitica.com.mx\/index.php?rest_route=%2Fwp%2Fv2%2Fcomments&post=84390"}],"version-history":[{"count":1,"href":"https:\/\/labestiapolitica.com.mx\/index.php?rest_route=\/wp\/v2\/posts\/84390\/revisions"}],"predecessor-version":[{"id":84392,"href":"https:\/\/labestiapolitica.com.mx\/index.php?rest_route=\/wp\/v2\/posts\/84390\/revisions\/84392"}],"wp:featuredmedia":[{"embeddable":true,"href":"https:\/\/labestiapolitica.com.mx\/index.php?rest_route=\/wp\/v2\/media\/84391"}],"wp:attachment":[{"href":"https:\/\/labestiapolitica.com.mx\/index.php?rest_route=%2Fwp%2Fv2%2Fmedia&parent=84390"}],"wp:term":[{"taxonomy":"category","embeddable":true,"href":"https:\/\/labestiapolitica.com.mx\/index.php?rest_route=%2Fwp%2Fv2%2Fcategories&post=84390"},{"taxonomy":"post_tag","embeddable":true,"href":"https:\/\/labestiapolitica.com.mx\/index.php?rest_route=%2Fwp%2Fv2%2Ftags&post=84390"}],"curies":[{"name":"wp","href":"https:\/\/api.w.org\/{rel}","templated":true}]}}