{"id":84393,"date":"2026-09-02T15:49:39","date_gmt":"2026-09-02T21:49:39","guid":{"rendered":"https:\/\/labestiapolitica.com.mx\/?p=84393"},"modified":"2026-09-02T15:49:39","modified_gmt":"2026-09-02T21:49:39","slug":"zacatelco-impulsa-obras-de-pavimento-y-agua-potable-en-la-seccion-cuarta","status":"publish","type":"post","link":"https:\/\/labestiapolitica.com.mx\/?p=84393","title":{"rendered":"Zacatelco impulsa obras de pavimento y agua potable en la Secci\u00f3n Cuarta."},"content":{"rendered":"<p style=\"text-align: justify;\"><em><strong>Demian M\u00e1rquez<\/strong><\/em> | El Ayuntamiento de Zacatelco, encabezado por el alcalde Miguel Acatzi Luna, puso en marcha dos obras de infraestructura en la Secci\u00f3n Cuarta, con las que se busca mejorar las condiciones de movilidad y ampliar los servicios b\u00e1sicos para familias de esta zona del municipio.<\/p>\n<p style=\"text-align: justify;\">En la S\u00e9ptima Cerrada de Avenida Moctezuma Sur, entre Calle Olivos y Avenida Moctezuma Sur, fue inaugurada la construcci\u00f3n de pavimento con adocreto, obra que representa una inversi\u00f3n de 655 mil pesos y contempla 574 metros cuadrados de superficie.<\/p>\n<p style=\"text-align: justify;\">El presidente municipal destac\u00f3 que estos trabajos forman parte del programa presupuestal 2026 y pidi\u00f3 a los vecinos participar en la supervisi\u00f3n para verificar la calidad de los materiales y la ejecuci\u00f3n.<\/p>\n<p style=\"text-align: justify;\">Durante el acto, el alcalde reconoci\u00f3 que Zacatelco enfrenta diversas necesidades derivadas del crecimiento de la poblaci\u00f3n, pero afirm\u00f3 que su administraci\u00f3n mantiene el compromiso de distribuir las obras entre las distintas comunidades.<\/p>\n<p style=\"text-align: justify;\">El regidor Gabriel D\u00edaz y la s\u00edndica municipal tambi\u00e9n resaltaron la coordinaci\u00f3n entre el Cabildo, las presidencias de comunidad y los habitantes para concretar los proyectos.<\/p>\n<p style=\"text-align: justify;\">Posteriormente, autoridades realizaron un recorrido por los trabajos de ampliaci\u00f3n de la red de agua potable en el Boulevard Barranca de S\u00e1nchez, entre Calle Aguacatales y Avenida Nicol\u00e1s Bravo.<\/p>\n<p style=\"text-align: justify;\">La obra contempla una inversi\u00f3n de 290 mil pesos y la colocaci\u00f3n de 225 metros lineales de tuber\u00eda, adem\u00e1s de las tomas domiciliarias para beneficiar a las familias de este sector.<\/p>\n<p style=\"text-align: justify;\">Acatzi Luna se\u00f1al\u00f3 que el acceso al agua potable, drenaje y electrificaci\u00f3n constituye una prioridad para reducir el rezago en las zonas que todav\u00eda carecen de servicios completos.<\/p>\n<p style=\"text-align: justify;\">Agreg\u00f3 que, aunque el sector se encuentra cerca de una de las principales v\u00edas de comunicaci\u00f3n, a\u00fan presentaba necesidades b\u00e1sicas que requieren atenci\u00f3n.<\/p>\n<p style=\"text-align: justify;\">Durante el recorrido, vecinos plantearon al gobierno municipal la necesidad de complementar la infraestructura con una red de drenaje, adem\u00e1s de solicitar certeza sobre futuros cobros y cuestionar las dimensiones de la tuber\u00eda instalada.<\/p>\n<p style=\"text-align: justify;\">En ese sentido, las autoridades escucharon las peticiones y se\u00f1alaron la importancia de continuar atendiendo las necesidades de la zona conforme a las posibilidades del municipio.<\/p>\n<p style=\"text-align: justify;\">El alcalde afirm\u00f3 que las obras forman parte de una estrategia para atender las necesidades actuales sin dejar de considerar el crecimiento de Zacatelco y las condiciones que enfrentar\u00e1n las pr\u00f3ximas generaciones.<\/p>\n<p style=\"text-align: justify;\">Reiter\u00f3 que el gobierno municipal continuar\u00e1 trabajando con el Cabildo y las presidencias de comunidad para llevar infraestructura a distintos puntos de la demarcaci\u00f3n.<\/p>\n","protected":false},"excerpt":{"rendered":"<p>Demian M\u00e1rquez | El Ayuntamiento de Zacatelco, encabezado por el alcalde Miguel Acatzi Luna, puso en marcha dos obras de infraestructura en la Secci\u00f3n Cuarta, con las que se busca mejorar las condiciones de movilidad y ampliar los servicios b\u00e1sicos para familias de esta zona del municipio. En la S\u00e9ptima Cerrada de Avenida Moctezuma Sur, [&hellip;]<\/p>\n","protected":false},"author":5,"featured_media":84394,"comment_status":"open","ping_status":"open","sticky":false,"template":"","format":"standard","meta":{"footnotes":""},"categories":[216,217],"tags":[],"class_list":["post-84393","post","type-post","status-publish","format-standard","has-post-thumbnail","hentry","category-municipios","category-zacatelco"],"amp_enabled":true,"_links":{"self":[{"href":"https:\/\/labestiapolitica.com.mx\/index.php?rest_route=\/wp\/v2\/posts\/84393","targetHints":{"allow":["GET"]}}],"collection":[{"href":"https:\/\/labestiapolitica.com.mx\/index.php?rest_route=\/wp\/v2\/posts"}],"about":[{"href":"https:\/\/labestiapolitica.com.mx\/index.php?rest_route=\/wp\/v2\/types\/post"}],"author":[{"embeddable":true,"href":"https:\/\/labestiapolitica.com.mx\/index.php?rest_route=\/wp\/v2\/users\/5"}],"replies":[{"embeddable":true,"href":"https:\/\/labestiapolitica.com.mx\/index.php?rest_route=%2Fwp%2Fv2%2Fcomments&post=84393"}],"version-history":[{"count":1,"href":"https:\/\/labestiapolitica.com.mx\/index.php?rest_route=\/wp\/v2\/posts\/84393\/revisions"}],"predecessor-version":[{"id":84395,"href":"https:\/\/labestiapolitica.com.mx\/index.php?rest_route=\/wp\/v2\/posts\/84393\/revisions\/84395"}],"wp:featuredmedia":[{"embeddable":true,"href":"https:\/\/labestiapolitica.com.mx\/index.php?rest_route=\/wp\/v2\/media\/84394"}],"wp:attachment":[{"href":"https:\/\/labestiapolitica.com.mx\/index.php?rest_route=%2Fwp%2Fv2%2Fmedia&parent=84393"}],"wp:term":[{"taxonomy":"category","embeddable":true,"href":"https:\/\/labestiapolitica.com.mx\/index.php?rest_route=%2Fwp%2Fv2%2Fcategories&post=84393"},{"taxonomy":"post_tag","embeddable":true,"href":"https:\/\/labestiapolitica.com.mx\/index.php?rest_route=%2Fwp%2Fv2%2Ftags&post=84393"}],"curies":[{"name":"wp","href":"https:\/\/api.w.org\/{rel}","templated":true}]}}