{"id":84406,"date":"2026-09-02T16:22:26","date_gmt":"2026-09-02T22:22:26","guid":{"rendered":"https:\/\/labestiapolitica.com.mx\/?p=84406"},"modified":"2026-09-02T16:22:38","modified_gmt":"2026-09-02T22:22:38","slug":"designa-consejo-general-a-arely-meza-como-secretaria-ejecutiva","status":"publish","type":"post","link":"https:\/\/labestiapolitica.com.mx\/?p=84406","title":{"rendered":"Designa Consejo General a Arely Meza como secretaria ejecutiva."},"content":{"rendered":"<p style=\"text-align: justify;\">Por unanimidad de votos, el Consejo General del Instituto Tlaxcalteca de Elecciones (ITE) design\u00f3 este mi\u00e9rcoles a <strong>Arely Meza Granados<\/strong> como Secretaria Ejecutiva de este colegiado para el periodo del <strong>6 del septiembre de 2026 al<\/strong><strong> 30 de noviembre de 2029.<\/strong><\/p>\n<p style=\"text-align: justify;\">Meza Granados es Licenciada en Derecho por la <strong>Universidad Aut\u00f3noma de Tlaxcala<\/strong> y Maestra en Criminolog\u00eda por la <strong>Universidad del Valle de Tlaxcala<\/strong>, su \u00faltimo cargo fue como actuaria adscrita al<strong> Tribunal de Justicia Administrativa del Estado de Tlaxcala.<\/strong><\/p>\n<p style=\"text-align: justify;\">El nombramiento de Meza Granados da conclusi\u00f3n al periodo de siete a\u00f1os para el que fue designada Elizabeth V\u00e1zquez Alonso, quien renunci\u00f3 a este cargo el pasado 31 de julio de 2026.<\/p>\n<p style=\"text-align: justify;\">Tras la renuncia de V\u00e1zquez Alonso, y conforme la Ley de Instituciones y Procedimientos Electorales, la encargadur\u00eda fue ocupada por Rafael P\u00e9rez Salazar, Director de Asuntos Jur\u00eddicos.<\/p>\n","protected":false},"excerpt":{"rendered":"<p>Por unanimidad de votos, el Consejo General del Instituto Tlaxcalteca de Elecciones (ITE) design\u00f3 este mi\u00e9rcoles a Arely Meza Granados como Secretaria Ejecutiva de este colegiado para el periodo del 6 del septiembre de 2026 al 30 de noviembre de 2029. Meza Granados es Licenciada en Derecho por la Universidad Aut\u00f3noma de Tlaxcala y Maestra [&hellip;]<\/p>\n","protected":false},"author":5,"featured_media":84407,"comment_status":"open","ping_status":"open","sticky":false,"template":"","format":"standard","meta":{"footnotes":""},"categories":[317,247],"tags":[],"class_list":["post-84406","post","type-post","status-publish","format-standard","has-post-thumbnail","hentry","category-ite","category-politica"],"amp_enabled":true,"_links":{"self":[{"href":"https:\/\/labestiapolitica.com.mx\/index.php?rest_route=\/wp\/v2\/posts\/84406","targetHints":{"allow":["GET"]}}],"collection":[{"href":"https:\/\/labestiapolitica.com.mx\/index.php?rest_route=\/wp\/v2\/posts"}],"about":[{"href":"https:\/\/labestiapolitica.com.mx\/index.php?rest_route=\/wp\/v2\/types\/post"}],"author":[{"embeddable":true,"href":"https:\/\/labestiapolitica.com.mx\/index.php?rest_route=\/wp\/v2\/users\/5"}],"replies":[{"embeddable":true,"href":"https:\/\/labestiapolitica.com.mx\/index.php?rest_route=%2Fwp%2Fv2%2Fcomments&post=84406"}],"version-history":[{"count":1,"href":"https:\/\/labestiapolitica.com.mx\/index.php?rest_route=\/wp\/v2\/posts\/84406\/revisions"}],"predecessor-version":[{"id":84408,"href":"https:\/\/labestiapolitica.com.mx\/index.php?rest_route=\/wp\/v2\/posts\/84406\/revisions\/84408"}],"wp:featuredmedia":[{"embeddable":true,"href":"https:\/\/labestiapolitica.com.mx\/index.php?rest_route=\/wp\/v2\/media\/84407"}],"wp:attachment":[{"href":"https:\/\/labestiapolitica.com.mx\/index.php?rest_route=%2Fwp%2Fv2%2Fmedia&parent=84406"}],"wp:term":[{"taxonomy":"category","embeddable":true,"href":"https:\/\/labestiapolitica.com.mx\/index.php?rest_route=%2Fwp%2Fv2%2Fcategories&post=84406"},{"taxonomy":"post_tag","embeddable":true,"href":"https:\/\/labestiapolitica.com.mx\/index.php?rest_route=%2Fwp%2Fv2%2Ftags&post=84406"}],"curies":[{"name":"wp","href":"https:\/\/api.w.org\/{rel}","templated":true}]}}