{"id":84409,"date":"2026-09-02T16:28:04","date_gmt":"2026-09-02T22:28:04","guid":{"rendered":"https:\/\/labestiapolitica.com.mx\/?p=84409"},"modified":"2026-09-02T16:28:15","modified_gmt":"2026-09-02T22:28:15","slug":"tlaxcala-para-los-tlaxcaltecas-miriam-martinez-presenta-agenda-respaldada-por-mas-de-300-mil-voces-ciudadanas","status":"publish","type":"post","link":"https:\/\/labestiapolitica.com.mx\/?p=84409","title":{"rendered":"\u201cTlaxcala para los tlaxcaltecas\u201d: Miriam Mart\u00ednez presenta agenda respaldada por m\u00e1s de 300 mil voces ciudadanas."},"content":{"rendered":"<ul>\n<li style=\"text-align: justify;\">Propone que las secretar\u00edas estrat\u00e9gicas del Gobierno del Estado sean encabezadas por perfiles preparados, con experiencia y conocimiento de la realidad local.<\/li>\n<li style=\"text-align: justify;\">\u00c1reas como Gobierno, Seguridad, Finanzas y Econom\u00eda no pueden ser espacios para la improvisaci\u00f3n: <strong><em>\u201cTlaxcala debe ser para las y los tlaxcaltecas\u201d<\/em><\/strong>, sentenci\u00f3.<\/li>\n<\/ul>\n<p style=\"text-align: justify;\">de septiembre de 2026. Acompa\u00f1ada de expertos en la materia y perfiles ciudadanos, y con el objetivo de construir instituciones que respondan a las necesidades de la poblaci\u00f3n y convertir las leyes en soluciones concretas, la diputada local del Partido Acci\u00f3n Nacional (PAN), Miriam Mart\u00ednez S\u00e1nchez, present\u00f3 este mi\u00e9rcoles su agenda legislativa \u201cPropuestas para que Tlaxcala funcione mejor\u201d.<\/p>\n<p style=\"text-align: justify;\">La legisladora explic\u00f3 que su agenda parte de una convicci\u00f3n fundamental: el Congreso del Estado no debe convertirse en una f\u00e1brica de normas que terminan archivadas, sino en un espacio capaz de establecer obligaciones claras, se\u00f1alar responsables y ofrecer resultados que mejoren la vida de las familias tlaxcaltecas.<\/p>\n<p style=\"text-align: justify;\">Confi\u00f3 en el respaldo de sus compa\u00f1eros diputados para que este proyecto, que recibi\u00f3 el apoyo de m\u00e1s de 300 mil ciudadanos consultados, llegue a buen puerto.<\/p>\n<blockquote>\n<p style=\"text-align: justify;\"><em>\u201cLas leyes no pueden quedarse en el papel. Deben servir para resolver los problemas de la gente, garantizar derechos y obligar a las instituciones a responder. Tlaxcala necesita menos discursos, menos tr\u00e1mites y m\u00e1s soluciones. Esta agenda nace del toque de puertas durante el receso legislativo, con la finalidad de construirla en com\u00fan y que responda a lo que necesita la gente\u201d, afirm\u00f3.<\/em><\/p>\n<\/blockquote>\n<p style=\"text-align: justify;\">Entre los principales planteamientos se encuentra establecer perfiles adecuados para encabezar las secretar\u00edas estrat\u00e9gicas del Gobierno del Estado, con el prop\u00f3sito de garantizar que \u00e1reas como Gobierno, Seguridad, Finanzas y Econom\u00eda sean dirigidas por personas preparadas, con experiencia y conocimiento de la realidad de Tlaxcala.<\/p>\n<blockquote>\n<p style=\"text-align: justify;\"><em>\u201cQuienes dirigen estas dependencias toman decisiones que impactan en la vida de los habitantes de los 60 municipios.<\/em><\/p>\n<\/blockquote>\n<p style=\"text-align: justify;\">Prosigui\u00f3,<\/p>\n<blockquote>\n<p style=\"text-align: justify;\"><em>\u00abPor ello proponemos cinco a\u00f1os de residencia efectiva y experiencia relacionada con el cargo. En Finanzas, el requisito de seis a\u00f1os de experiencia especializada. Tlaxcala debe ser para los tlaxcaltecas, para quienes tengan arraigo y amor por el estado. No queremos preguntar d\u00f3nde naci\u00f3 el que llega al cargo, sino saber d\u00f3nde ha construido su compromiso por Tlaxcala, qu\u00e9 experiencia tiene y si realmente conoce las necesidades de nuestra gente. No queremos funcionarios \u2018golondrinos\u2019, que parecen venir a hacerle un favor a Tlaxcala\u201d, enfatiz\u00f3.<\/em><\/p>\n<\/blockquote>\n<p style=\"text-align: justify;\">Mart\u00ednez S\u00e1nchez asegur\u00f3 que esta agenda no ofrece soluciones m\u00e1gicas, sino mecanismos concretos para que las instituciones cumplan sus obligaciones y la ciudadan\u00eda pueda exigir resultados.<\/p>\n<blockquote>\n<p style=\"text-align: justify;\"><em>\u201cQuiero una pol\u00edtica que resuelva, no que solamente se\u00f1ale; una pol\u00edtica que escuche, act\u00fae y d\u00e9 resultados. Cada medicamento, cada obra, cada polic\u00eda y cada servicio p\u00fablico tiene detr\u00e1s a una persona que espera una respuesta\u201d, subray\u00f3.<\/em><\/p>\n<\/blockquote>\n<p style=\"text-align: justify;\">El esquema novedoso de la presentaci\u00f3n fue que los ejes estuvieron a cargo de especialistas y ciudadanos. El experto en seguridad Raymundo Fragoso Mu\u00f1oz expuso la creaci\u00f3n de una Academia de Formaci\u00f3n Policial Municipal, destinada a mejorar la preparaci\u00f3n de los elementos que representan el primer contacto de la ciudadan\u00eda con las autoridades.<\/p>\n<p style=\"text-align: justify;\">Esta instituci\u00f3n permitir\u00eda establecer est\u00e1ndares comunes de capacitaci\u00f3n, fortalecer la coordinaci\u00f3n y garantizar que las polic\u00edas municipales cuenten con mejores herramientas para proteger a las familias, independientemente del municipio en el que presten sus servicios.<\/p>\n<p style=\"text-align: justify;\">Por su parte, la profesionista Adriana Mel\u00e9ndez Polvo, originaria de La Magdalena Tlaltelulco, plante\u00f3 promover el regreso de las estancias infantiles mediante un modelo seguro, regulado y supervisado, con centros registrados, personal capacitado, protocolos de actuaci\u00f3n y mecanismos claros de prevenci\u00f3n y respuesta ante cualquier riesgo.<\/p>\n<blockquote>\n<p style=\"text-align: justify;\"><em>\u201cRecuperar las estancias infantiles significa respaldar a las madres trabajadoras, proteger a nuestras ni\u00f1as y ni\u00f1os y ofrecer a las familias espacios dignos y seguros. No se trata \u00fanicamente de cuidar, sino de hacerlo con responsabilidad, preparaci\u00f3n y sensibilidad\u201d, expres\u00f3.<\/em><\/p>\n<\/blockquote>\n<p style=\"text-align: justify;\">El abogado Luis Miguel Hern\u00e1ndez Hern\u00e1ndez pidi\u00f3, en materia de acceso a la justicia, fortalecer y acercar los servicios de la Defensor\u00eda P\u00fablica a todas las regiones del estado, para que la posibilidad de contar con una defensa profesional no dependa de los recursos econ\u00f3micos de una persona ni de su cercan\u00eda con la capital.<\/p>\n<p style=\"text-align: justify;\">Asimismo, propuso facilitar los procedimientos de reparaci\u00f3n del da\u00f1o cuando una instituci\u00f3n p\u00fablica afecte de manera irregular a una persona, evitando que las v\u00edctimas tengan que enfrentar procesos burocr\u00e1ticos prolongados para recibir la indemnizaci\u00f3n que legalmente les corresponde.<\/p>\n<blockquote>\n<p style=\"text-align: justify;\"><em>\u201cEl Estado tambi\u00e9n debe responder cuando act\u00faa de manera incorrecta. Ning\u00fan ciudadano deber\u00eda recorrer un laberinto burocr\u00e1tico para exigir la reparaci\u00f3n de un da\u00f1o provocado por una autoridad\u201d, sostuvo.<\/em><\/p>\n<\/blockquote>\n<p style=\"text-align: justify;\">En materia de salud, el m\u00e9dico Carlos Texis Rodr\u00edguez, originario de San Luis Teolocholco, con m\u00e1s de 20 a\u00f1os de experiencia en el sector p\u00fablico y m\u00e1s de 30 en el privado, lament\u00f3 las condiciones en que se encuentran los centros de salud, sobre todo la atenci\u00f3n en el IMSS Bienestar.<\/p>\n<p style=\"text-align: justify;\">Se\u00f1al\u00f3 que otro de los ejes prioritarios es garantizar una respuesta efectiva ante el desabasto de medicamentos.<\/p>\n<p style=\"text-align: justify;\">La propuesta contempla impulsar, desde el Congreso del Estado ante el Congreso de la Uni\u00f3n, un sistema nacional p\u00fablico de informaci\u00f3n de medicamentos que permita consultar por instituci\u00f3n d\u00f3nde se encuentra disponible el medicamento, qu\u00e9 alternativa existe o cu\u00e1ndo podr\u00e1 ser entregado.<\/p>\n<blockquote>\n<p style=\"text-align: justify;\"><em>\u201cCuando una persona llega a un hospital y le dicen que no hay medicamento, el problema no puede terminar en una ventanilla. Detr\u00e1s de cada receta hay una persona que necesita atenci\u00f3n y una familia que espera una respuesta\u201d, subray\u00f3.<\/em><\/p>\n<\/blockquote>\n<p style=\"text-align: justify;\">En tanto, Jonathtan S\u00e1nchez, del municipio de Totolac, con experiencia en la administraci\u00f3n p\u00fablica, asever\u00f3 que la agenda legislativa tambi\u00e9n contempla impulsar contratos abiertos en materia de obra p\u00fablica, con informaci\u00f3n accesible para que la ciudadan\u00eda pueda conocer y vigilar cada proyecto desde su adjudicaci\u00f3n hasta el \u00faltimo pago.<\/p>\n<blockquote>\n<p style=\"text-align: justify;\"><em>\u201cUna obra p\u00fablica no termina cuando se coloca la primera piedra o se corta un list\u00f3n. Cada peso p\u00fablico debe ser vigilado y cada autoridad debe rendir cuentas sobre la manera en que lo utiliza\u201d, puntualiz\u00f3.<\/em><\/p>\n<\/blockquote>\n","protected":false},"excerpt":{"rendered":"<p>Propone que las secretar\u00edas estrat\u00e9gicas del Gobierno del Estado sean encabezadas por perfiles preparados, con experiencia y conocimiento de la realidad local. \u00c1reas como Gobierno, Seguridad, Finanzas y Econom\u00eda no pueden ser espacios para la improvisaci\u00f3n: \u201cTlaxcala debe ser para las y los tlaxcaltecas\u201d, sentenci\u00f3. de septiembre de 2026. Acompa\u00f1ada de expertos en la materia [&hellip;]<\/p>\n","protected":false},"author":5,"featured_media":84410,"comment_status":"open","ping_status":"open","sticky":false,"template":"","format":"standard","meta":{"footnotes":""},"categories":[248,264,247],"tags":[],"class_list":["post-84409","post","type-post","status-publish","format-standard","has-post-thumbnail","hentry","category-pan","category-partidos-politicos","category-politica"],"amp_enabled":true,"_links":{"self":[{"href":"https:\/\/labestiapolitica.com.mx\/index.php?rest_route=\/wp\/v2\/posts\/84409","targetHints":{"allow":["GET"]}}],"collection":[{"href":"https:\/\/labestiapolitica.com.mx\/index.php?rest_route=\/wp\/v2\/posts"}],"about":[{"href":"https:\/\/labestiapolitica.com.mx\/index.php?rest_route=\/wp\/v2\/types\/post"}],"author":[{"embeddable":true,"href":"https:\/\/labestiapolitica.com.mx\/index.php?rest_route=\/wp\/v2\/users\/5"}],"replies":[{"embeddable":true,"href":"https:\/\/labestiapolitica.com.mx\/index.php?rest_route=%2Fwp%2Fv2%2Fcomments&post=84409"}],"version-history":[{"count":1,"href":"https:\/\/labestiapolitica.com.mx\/index.php?rest_route=\/wp\/v2\/posts\/84409\/revisions"}],"predecessor-version":[{"id":84411,"href":"https:\/\/labestiapolitica.com.mx\/index.php?rest_route=\/wp\/v2\/posts\/84409\/revisions\/84411"}],"wp:featuredmedia":[{"embeddable":true,"href":"https:\/\/labestiapolitica.com.mx\/index.php?rest_route=\/wp\/v2\/media\/84410"}],"wp:attachment":[{"href":"https:\/\/labestiapolitica.com.mx\/index.php?rest_route=%2Fwp%2Fv2%2Fmedia&parent=84409"}],"wp:term":[{"taxonomy":"category","embeddable":true,"href":"https:\/\/labestiapolitica.com.mx\/index.php?rest_route=%2Fwp%2Fv2%2Fcategories&post=84409"},{"taxonomy":"post_tag","embeddable":true,"href":"https:\/\/labestiapolitica.com.mx\/index.php?rest_route=%2Fwp%2Fv2%2Ftags&post=84409"}],"curies":[{"name":"wp","href":"https:\/\/api.w.org\/{rel}","templated":true}]}}