{"id":84417,"date":"2026-09-02T16:46:38","date_gmt":"2026-09-02T22:46:38","guid":{"rendered":"https:\/\/labestiapolitica.com.mx\/?p=84417"},"modified":"2026-09-02T16:46:38","modified_gmt":"2026-09-02T22:46:38","slug":"preparate-para-el-trafico-habra-obras-en-la-autopista-texmelucan-el-molinito","status":"publish","type":"post","link":"https:\/\/labestiapolitica.com.mx\/?p=84417","title":{"rendered":"\u00a1Prep\u00e1rate para el tr\u00e1fico! Habr\u00e1 obras en la autopista Texmelucan-El Molinito."},"content":{"rendered":"<ul>\n<li style=\"text-align: justify;\">Los trabajos comenzar\u00e1n el 7 de septiembre y se extender\u00e1n hasta el 15 de octubre; habr\u00e1 labores en distintas zonas, entre ellas Tizatl\u00e1n, El Tr\u00e9bol e Ixtacuixtla.<\/li>\n<\/ul>\n<p style=\"text-align: justify;\">A partir del pr\u00f3ximo lunes 7 de septiembre, automovilistas que utilizan la autopista San Mart\u00edn Texmelucan-Tlaxcala-El Molinito deber\u00e1n tomar precauciones, debido al inicio de trabajos de mantenimiento mayor que se prolongar\u00e1n durante m\u00e1s de un mes.<\/p>\n<p style=\"text-align: justify;\">Las obras a cargo de la Secretar\u00eda de Infraestructura, Comunicaciones y Transportes (SICT) comenzar\u00e1n a las 9:00 horas y se realizar\u00e1n de manera simult\u00e1nea en distintos puntos de la v\u00eda, por lo que podr\u00edan registrarse reducciones de carriles, tr\u00e1nsito lento y mayores tiempos de traslado, particularmente durante los periodos de mayor circulaci\u00f3n.<\/p>\n<p style=\"text-align: justify;\">Entre las zonas donde se llevar\u00e1n a cabo los trabajos se encuentra el tramo despu\u00e9s de la C\u00e1mara Mexicana de la Industria de la Construcci\u00f3n (CMIC) en Tizatl\u00e1n, otro punto a la altura de El Tr\u00e9bol y otros m\u00e1s en la zona de Ixtacuixtla.<\/p>\n<p style=\"text-align: justify;\">Ante estas condiciones, se recomienda a quienes utilizan esta autopista salir con mayor anticipaci\u00f3n, disminuir la velocidad y estar atentos a la se\u00f1alizaci\u00f3n y a las indicaciones del personal que se encuentre trabajando en la zona.<\/p>\n<p style=\"text-align: justify;\">La autoridad pidi\u00f3 considerar v\u00edas alternas cuando sea posible y mantener una velocidad m\u00e1xima de 80 kil\u00f3metros por hora en ambos sentidos, con el objetivo de reducir riesgos mientras se desarrollan las labores.<\/p>\n<p style=\"text-align: justify;\">Los trabajos est\u00e1n previstos para concluir el 15 de octubre, por lo que durante las pr\u00f3ximas semanas los conductores deber\u00e1n considerar posibles retrasos al circular entre Tlaxcala y San Mart\u00edn Texmelucan.<\/p>\n<p>&nbsp;<\/p>\n<p><img loading=\"lazy\" decoding=\"async\" class=\"aligncenter wp-image-79046 size-large\" src=\"https:\/\/labestiapolitica.com.mx\/wp-content\/uploads\/2026\/07\/AJ-uni-819x1024.jpeg\" alt=\"\" width=\"640\" height=\"800\" srcset=\"https:\/\/labestiapolitica.com.mx\/wp-content\/uploads\/2026\/07\/AJ-uni-819x1024.jpeg 819w, https:\/\/labestiapolitica.com.mx\/wp-content\/uploads\/2026\/07\/AJ-uni-240x300.jpeg 240w, https:\/\/labestiapolitica.com.mx\/wp-content\/uploads\/2026\/07\/AJ-uni-768x960.jpeg 768w, https:\/\/labestiapolitica.com.mx\/wp-content\/uploads\/2026\/07\/AJ-uni.jpeg 1080w\" sizes=\"auto, (max-width: 640px) 100vw, 640px\" \/><\/p>\n","protected":false},"excerpt":{"rendered":"<p>Los trabajos comenzar\u00e1n el 7 de septiembre y se extender\u00e1n hasta el 15 de octubre; habr\u00e1 labores en distintas zonas, entre ellas Tizatl\u00e1n, El Tr\u00e9bol e Ixtacuixtla. A partir del pr\u00f3ximo lunes 7 de septiembre, automovilistas que utilizan la autopista San Mart\u00edn Texmelucan-Tlaxcala-El Molinito deber\u00e1n tomar precauciones, debido al inicio de trabajos de mantenimiento mayor [&hellip;]<\/p>\n","protected":false},"author":5,"featured_media":84418,"comment_status":"open","ping_status":"open","sticky":false,"template":"","format":"standard","meta":{"footnotes":""},"categories":[3,7],"tags":[],"class_list":["post-84417","post","type-post","status-publish","format-standard","has-post-thumbnail","hentry","category-8-columnas","category-ciudadanos"],"amp_enabled":true,"_links":{"self":[{"href":"https:\/\/labestiapolitica.com.mx\/index.php?rest_route=\/wp\/v2\/posts\/84417","targetHints":{"allow":["GET"]}}],"collection":[{"href":"https:\/\/labestiapolitica.com.mx\/index.php?rest_route=\/wp\/v2\/posts"}],"about":[{"href":"https:\/\/labestiapolitica.com.mx\/index.php?rest_route=\/wp\/v2\/types\/post"}],"author":[{"embeddable":true,"href":"https:\/\/labestiapolitica.com.mx\/index.php?rest_route=\/wp\/v2\/users\/5"}],"replies":[{"embeddable":true,"href":"https:\/\/labestiapolitica.com.mx\/index.php?rest_route=%2Fwp%2Fv2%2Fcomments&post=84417"}],"version-history":[{"count":1,"href":"https:\/\/labestiapolitica.com.mx\/index.php?rest_route=\/wp\/v2\/posts\/84417\/revisions"}],"predecessor-version":[{"id":84419,"href":"https:\/\/labestiapolitica.com.mx\/index.php?rest_route=\/wp\/v2\/posts\/84417\/revisions\/84419"}],"wp:featuredmedia":[{"embeddable":true,"href":"https:\/\/labestiapolitica.com.mx\/index.php?rest_route=\/wp\/v2\/media\/84418"}],"wp:attachment":[{"href":"https:\/\/labestiapolitica.com.mx\/index.php?rest_route=%2Fwp%2Fv2%2Fmedia&parent=84417"}],"wp:term":[{"taxonomy":"category","embeddable":true,"href":"https:\/\/labestiapolitica.com.mx\/index.php?rest_route=%2Fwp%2Fv2%2Fcategories&post=84417"},{"taxonomy":"post_tag","embeddable":true,"href":"https:\/\/labestiapolitica.com.mx\/index.php?rest_route=%2Fwp%2Fv2%2Ftags&post=84417"}],"curies":[{"name":"wp","href":"https:\/\/api.w.org\/{rel}","templated":true}]}}