{"id":84420,"date":"2026-09-02T16:49:39","date_gmt":"2026-09-02T22:49:39","guid":{"rendered":"https:\/\/labestiapolitica.com.mx\/?p=84420"},"modified":"2026-09-02T16:49:39","modified_gmt":"2026-09-02T22:49:39","slug":"inauguran-asta-bandera-en-el-pueblo-de-mariano-matamoros","status":"publish","type":"post","link":"https:\/\/labestiapolitica.com.mx\/?p=84420","title":{"rendered":"Inauguran asta bandera en el pueblo de Mariano Matamoros."},"content":{"rendered":"<p style=\"text-align: justify;\">Con un acto c\u00edvico que reuni\u00f3 a autoridades municipales, representantes de comunidades, instituciones educativas y habitantes de la localidad, se llev\u00f3 a cabo la inauguraci\u00f3n del asta bandera en el Pueblo de Mariano Matamoros.<\/p>\n<p style=\"text-align: justify;\">En representaci\u00f3n del Presidente Municipal de Huamantla, Salvador Santos Cedillo, asisti\u00f3 la Lic. Roc\u00edo Hern\u00e1ndez Castillo, Presidenta Honor\u00edfica del SMDIF Huamantla, quien dirigi\u00f3 un mensaje a las y los presentes, destacando el valor de los s\u00edmbolos patrios como elementos que fortalecen la identidad y unidad de las comunidades.<\/p>\n<p style=\"text-align: justify;\">Durante la ceremonia, el C. Jos\u00e9 Marcelino Antonio Hern\u00e1ndez P\u00e9rez, Presidente del Pueblo de Mariano Matamoros, dio la bienvenida y agradeci\u00f3 la presencia de autoridades e invitados especiales.<\/p>\n<p style=\"text-align: justify;\">Tambi\u00e9n estuvieron presentes Lic. Mar\u00eda Magdalena Carmona L\u00f3pez, Jefa de la Oficina Regional 06 del Registro Civil en Huamantla; V\u00edctor Salda\u00f1a Mart\u00ednez, Presidente del Pueblo de Jes\u00fas; Prof. Mario Gonzalo V\u00e1zquez, Comisariado Ejidal, y Ricardo Ponce \u00c1vila, Director de la Escuela Primaria Carlos A. Carrillo.<\/p>\n<p style=\"text-align: justify;\">Como parte del programa se realizaron los honores correspondientes a la Bandera Nacional y el izamiento del l\u00e1baro patrio, dando paso a la fotograf\u00eda oficial que marc\u00f3 la inauguraci\u00f3n de este nuevo espacio c\u00edvico para el Pueblo de Mariano Matamoros.<\/p>\n<p style=\"text-align: justify;\">El Gobierno Municipal de Huamantla, que preside Salvador Santos Cedillo, refrenda su cercan\u00eda y acompa\u00f1amiento a las comunidades del municipio, fortaleciendo los espacios que promueven el respeto a nuestros s\u00edmbolos patrios y el orgullo de pertenecer a Huamantla.<\/p>\n<p>&nbsp;<\/p>\n<p><img loading=\"lazy\" decoding=\"async\" class=\"aligncenter wp-image-79046 size-large\" src=\"https:\/\/labestiapolitica.com.mx\/wp-content\/uploads\/2026\/07\/AJ-uni-819x1024.jpeg\" alt=\"\" width=\"640\" height=\"800\" srcset=\"https:\/\/labestiapolitica.com.mx\/wp-content\/uploads\/2026\/07\/AJ-uni-819x1024.jpeg 819w, https:\/\/labestiapolitica.com.mx\/wp-content\/uploads\/2026\/07\/AJ-uni-240x300.jpeg 240w, https:\/\/labestiapolitica.com.mx\/wp-content\/uploads\/2026\/07\/AJ-uni-768x960.jpeg 768w, https:\/\/labestiapolitica.com.mx\/wp-content\/uploads\/2026\/07\/AJ-uni.jpeg 1080w\" sizes=\"auto, (max-width: 640px) 100vw, 640px\" \/><\/p>\n","protected":false},"excerpt":{"rendered":"<p>Con un acto c\u00edvico que reuni\u00f3 a autoridades municipales, representantes de comunidades, instituciones educativas y habitantes de la localidad, se llev\u00f3 a cabo la inauguraci\u00f3n del asta bandera en el Pueblo de Mariano Matamoros. En representaci\u00f3n del Presidente Municipal de Huamantla, Salvador Santos Cedillo, asisti\u00f3 la Lic. Roc\u00edo Hern\u00e1ndez Castillo, Presidenta Honor\u00edfica del SMDIF Huamantla, [&hellip;]<\/p>\n","protected":false},"author":5,"featured_media":84421,"comment_status":"open","ping_status":"open","sticky":false,"template":"","format":"standard","meta":{"footnotes":""},"categories":[220,216],"tags":[],"class_list":["post-84420","post","type-post","status-publish","format-standard","has-post-thumbnail","hentry","category-huamantla","category-municipios"],"amp_enabled":true,"_links":{"self":[{"href":"https:\/\/labestiapolitica.com.mx\/index.php?rest_route=\/wp\/v2\/posts\/84420","targetHints":{"allow":["GET"]}}],"collection":[{"href":"https:\/\/labestiapolitica.com.mx\/index.php?rest_route=\/wp\/v2\/posts"}],"about":[{"href":"https:\/\/labestiapolitica.com.mx\/index.php?rest_route=\/wp\/v2\/types\/post"}],"author":[{"embeddable":true,"href":"https:\/\/labestiapolitica.com.mx\/index.php?rest_route=\/wp\/v2\/users\/5"}],"replies":[{"embeddable":true,"href":"https:\/\/labestiapolitica.com.mx\/index.php?rest_route=%2Fwp%2Fv2%2Fcomments&post=84420"}],"version-history":[{"count":1,"href":"https:\/\/labestiapolitica.com.mx\/index.php?rest_route=\/wp\/v2\/posts\/84420\/revisions"}],"predecessor-version":[{"id":84422,"href":"https:\/\/labestiapolitica.com.mx\/index.php?rest_route=\/wp\/v2\/posts\/84420\/revisions\/84422"}],"wp:featuredmedia":[{"embeddable":true,"href":"https:\/\/labestiapolitica.com.mx\/index.php?rest_route=\/wp\/v2\/media\/84421"}],"wp:attachment":[{"href":"https:\/\/labestiapolitica.com.mx\/index.php?rest_route=%2Fwp%2Fv2%2Fmedia&parent=84420"}],"wp:term":[{"taxonomy":"category","embeddable":true,"href":"https:\/\/labestiapolitica.com.mx\/index.php?rest_route=%2Fwp%2Fv2%2Fcategories&post=84420"},{"taxonomy":"post_tag","embeddable":true,"href":"https:\/\/labestiapolitica.com.mx\/index.php?rest_route=%2Fwp%2Fv2%2Ftags&post=84420"}],"curies":[{"name":"wp","href":"https:\/\/api.w.org\/{rel}","templated":true}]}}