{"id":84426,"date":"2026-09-02T16:56:02","date_gmt":"2026-09-02T22:56:02","guid":{"rendered":"https:\/\/labestiapolitica.com.mx\/?p=84426"},"modified":"2026-09-02T16:56:02","modified_gmt":"2026-09-02T22:56:02","slug":"no-se-detiene-alfonso-sanchez-sigue-en-territorio-en-defensa-de-la-transformacion","status":"publish","type":"post","link":"https:\/\/labestiapolitica.com.mx\/?p=84426","title":{"rendered":"No se detiene: Alfonso S\u00e1nchez sigue en territorio en defensa de la transformaci\u00f3n."},"content":{"rendered":"<ul>\n<li style=\"text-align: justify;\">Mantiene su cercan\u00eda con las comunidades y llama a cerrar filas con la presidenta Claudia Sheinbaum para consolidar el segundo piso de la 4T.<\/li>\n<\/ul>\n<p style=\"text-align: justify;\">Alfonso S\u00e1nchez Garc\u00eda mantiene firme su trabajo en territorio y contin\u00faa recorriendo los 60 municipios de Tlaxcala, con la convicci\u00f3n de seguir defendiendo la Soberan\u00eda Nacional y los principios de la Cuarta Transformaci\u00f3n.<\/p>\n<p style=\"text-align: justify;\">En sus encuentros, S\u00e1nchez Garc\u00eda refrenda el llamado a mantener la unidad y cerrar filas con la presidenta Claudia Sheinbaum Pardo, para acompa\u00f1ar los esfuerzos que permitan consolidar el segundo piso de la Transformaci\u00f3n y avanzar en la construcci\u00f3n de un M\u00e9xico con mayor bienestar y justicia social.<\/p>\n<p style=\"text-align: justify;\">Con visitas permanentes a las comunidades, Alfonso S\u00e1nchez sostiene que la transformaci\u00f3n se construye caminando, escuchando y trabajando de cerca con la ciudadan\u00eda.<\/p>\n<p style=\"text-align: justify;\">Esa presencia territorial le permite iniciar septiembre fortalecido y con una amplia base de respaldo rumbo a la definici\u00f3n de la Coordinaci\u00f3n Estatal.<\/p>\n<p>&nbsp;<\/p>\n<p><img loading=\"lazy\" decoding=\"async\" class=\"aligncenter wp-image-79046 size-large\" src=\"https:\/\/labestiapolitica.com.mx\/wp-content\/uploads\/2026\/07\/AJ-uni-819x1024.jpeg\" alt=\"\" width=\"640\" height=\"800\" srcset=\"https:\/\/labestiapolitica.com.mx\/wp-content\/uploads\/2026\/07\/AJ-uni-819x1024.jpeg 819w, https:\/\/labestiapolitica.com.mx\/wp-content\/uploads\/2026\/07\/AJ-uni-240x300.jpeg 240w, https:\/\/labestiapolitica.com.mx\/wp-content\/uploads\/2026\/07\/AJ-uni-768x960.jpeg 768w, https:\/\/labestiapolitica.com.mx\/wp-content\/uploads\/2026\/07\/AJ-uni.jpeg 1080w\" sizes=\"auto, (max-width: 640px) 100vw, 640px\" \/><\/p>\n","protected":false},"excerpt":{"rendered":"<p>Mantiene su cercan\u00eda con las comunidades y llama a cerrar filas con la presidenta Claudia Sheinbaum para consolidar el segundo piso de la 4T. Alfonso S\u00e1nchez Garc\u00eda mantiene firme su trabajo en territorio y contin\u00faa recorriendo los 60 municipios de Tlaxcala, con la convicci\u00f3n de seguir defendiendo la Soberan\u00eda Nacional y los principios de la [&hellip;]<\/p>\n","protected":false},"author":5,"featured_media":84427,"comment_status":"open","ping_status":"open","sticky":false,"template":"","format":"standard","meta":{"footnotes":""},"categories":[7],"tags":[],"class_list":["post-84426","post","type-post","status-publish","format-standard","has-post-thumbnail","hentry","category-ciudadanos"],"amp_enabled":true,"_links":{"self":[{"href":"https:\/\/labestiapolitica.com.mx\/index.php?rest_route=\/wp\/v2\/posts\/84426","targetHints":{"allow":["GET"]}}],"collection":[{"href":"https:\/\/labestiapolitica.com.mx\/index.php?rest_route=\/wp\/v2\/posts"}],"about":[{"href":"https:\/\/labestiapolitica.com.mx\/index.php?rest_route=\/wp\/v2\/types\/post"}],"author":[{"embeddable":true,"href":"https:\/\/labestiapolitica.com.mx\/index.php?rest_route=\/wp\/v2\/users\/5"}],"replies":[{"embeddable":true,"href":"https:\/\/labestiapolitica.com.mx\/index.php?rest_route=%2Fwp%2Fv2%2Fcomments&post=84426"}],"version-history":[{"count":1,"href":"https:\/\/labestiapolitica.com.mx\/index.php?rest_route=\/wp\/v2\/posts\/84426\/revisions"}],"predecessor-version":[{"id":84428,"href":"https:\/\/labestiapolitica.com.mx\/index.php?rest_route=\/wp\/v2\/posts\/84426\/revisions\/84428"}],"wp:featuredmedia":[{"embeddable":true,"href":"https:\/\/labestiapolitica.com.mx\/index.php?rest_route=\/wp\/v2\/media\/84427"}],"wp:attachment":[{"href":"https:\/\/labestiapolitica.com.mx\/index.php?rest_route=%2Fwp%2Fv2%2Fmedia&parent=84426"}],"wp:term":[{"taxonomy":"category","embeddable":true,"href":"https:\/\/labestiapolitica.com.mx\/index.php?rest_route=%2Fwp%2Fv2%2Fcategories&post=84426"},{"taxonomy":"post_tag","embeddable":true,"href":"https:\/\/labestiapolitica.com.mx\/index.php?rest_route=%2Fwp%2Fv2%2Ftags&post=84426"}],"curies":[{"name":"wp","href":"https:\/\/api.w.org\/{rel}","templated":true}]}}