{"id":84436,"date":"2026-09-02T17:04:38","date_gmt":"2026-09-02T23:04:38","guid":{"rendered":"https:\/\/labestiapolitica.com.mx\/?p=84436"},"modified":"2026-09-02T17:04:38","modified_gmt":"2026-09-02T23:04:38","slug":"clinica-de-las-emociones-un-espacio-seguro-y-de-apoyo-para-los-chiautempenses","status":"publish","type":"post","link":"https:\/\/labestiapolitica.com.mx\/?p=84436","title":{"rendered":"Cl\u00ednica de las Emociones, un espacio seguro y de apoyo para los chiautempenses."},"content":{"rendered":"<p style=\"text-align: justify;\">Como parte del compromiso de la presidenta municipal Blanca Angulo Meneses con el bienestar de las familias, la Cl\u00ednica de las Emociones brinda atenci\u00f3n psicol\u00f3gica a las y los chiautempenses, enfocada en el cuidado de la salud mental y el acompa\u00f1amiento profesional para quienes atraviesan distintas situaciones emocionales, este espacio forma parte de un modelo impulsado por el DIF Estatal y es considerado la Cl\u00ednica de las Emociones a nivel municipal m\u00e1s importante del estado.<\/p>\n<p style=\"text-align: justify;\">La atenci\u00f3n se ofrece de manera permanente, a trav\u00e9s de terapias individuales, de pareja, familiares y sesiones dirigidas a fortalecer la relaci\u00f3n entre madres, padres e hijos. Entre los principales temas que se atienden se encuentran la depresi\u00f3n y la ansiedad, con el objetivo de proporcionar herramientas y acompa\u00f1amiento que beneficien el bienestar emocional de quienes solicitan el servicio.<\/p>\n<p style=\"text-align: justify;\">Adem\u00e1s, la cl\u00ednica cuenta con un espacio ubicado en el primer piso, destinado especialmente a personas con discapacidad o que presentan alguna dificultad para caminar, desplazarse o subir escaleras, facilitando as\u00ed su acceso a los servicios psicol\u00f3gicos.<\/p>\n<p style=\"text-align: justify;\">La Cl\u00ednica de las Emociones se encuentra en calle Reforma No. 8, frente a la cancha de f\u00fatbol Saraperos, y ofrece servicio de lunes a viernes, de 9:00 a 17:00 horas, las personas interesadas pueden acudir directamente para solicitar informaci\u00f3n y conocer las alternativas de atenci\u00f3n disponibles.<\/p>\n<p>&nbsp;<\/p>\n<p><img loading=\"lazy\" decoding=\"async\" class=\"aligncenter wp-image-79046 size-large\" src=\"https:\/\/labestiapolitica.com.mx\/wp-content\/uploads\/2026\/07\/AJ-uni-819x1024.jpeg\" alt=\"\" width=\"640\" height=\"800\" srcset=\"https:\/\/labestiapolitica.com.mx\/wp-content\/uploads\/2026\/07\/AJ-uni-819x1024.jpeg 819w, https:\/\/labestiapolitica.com.mx\/wp-content\/uploads\/2026\/07\/AJ-uni-240x300.jpeg 240w, https:\/\/labestiapolitica.com.mx\/wp-content\/uploads\/2026\/07\/AJ-uni-768x960.jpeg 768w, https:\/\/labestiapolitica.com.mx\/wp-content\/uploads\/2026\/07\/AJ-uni.jpeg 1080w\" sizes=\"auto, (max-width: 640px) 100vw, 640px\" \/><\/p>\n","protected":false},"excerpt":{"rendered":"<p>Como parte del compromiso de la presidenta municipal Blanca Angulo Meneses con el bienestar de las familias, la Cl\u00ednica de las Emociones brinda atenci\u00f3n psicol\u00f3gica a las y los chiautempenses, enfocada en el cuidado de la salud mental y el acompa\u00f1amiento profesional para quienes atraviesan distintas situaciones emocionales, este espacio forma parte de un modelo [&hellip;]<\/p>\n","protected":false},"author":5,"featured_media":84437,"comment_status":"open","ping_status":"open","sticky":false,"template":"","format":"standard","meta":{"footnotes":""},"categories":[215,216],"tags":[],"class_list":["post-84436","post","type-post","status-publish","format-standard","has-post-thumbnail","hentry","category-chiautempan","category-municipios"],"amp_enabled":true,"_links":{"self":[{"href":"https:\/\/labestiapolitica.com.mx\/index.php?rest_route=\/wp\/v2\/posts\/84436","targetHints":{"allow":["GET"]}}],"collection":[{"href":"https:\/\/labestiapolitica.com.mx\/index.php?rest_route=\/wp\/v2\/posts"}],"about":[{"href":"https:\/\/labestiapolitica.com.mx\/index.php?rest_route=\/wp\/v2\/types\/post"}],"author":[{"embeddable":true,"href":"https:\/\/labestiapolitica.com.mx\/index.php?rest_route=\/wp\/v2\/users\/5"}],"replies":[{"embeddable":true,"href":"https:\/\/labestiapolitica.com.mx\/index.php?rest_route=%2Fwp%2Fv2%2Fcomments&post=84436"}],"version-history":[{"count":1,"href":"https:\/\/labestiapolitica.com.mx\/index.php?rest_route=\/wp\/v2\/posts\/84436\/revisions"}],"predecessor-version":[{"id":84438,"href":"https:\/\/labestiapolitica.com.mx\/index.php?rest_route=\/wp\/v2\/posts\/84436\/revisions\/84438"}],"wp:featuredmedia":[{"embeddable":true,"href":"https:\/\/labestiapolitica.com.mx\/index.php?rest_route=\/wp\/v2\/media\/84437"}],"wp:attachment":[{"href":"https:\/\/labestiapolitica.com.mx\/index.php?rest_route=%2Fwp%2Fv2%2Fmedia&parent=84436"}],"wp:term":[{"taxonomy":"category","embeddable":true,"href":"https:\/\/labestiapolitica.com.mx\/index.php?rest_route=%2Fwp%2Fv2%2Fcategories&post=84436"},{"taxonomy":"post_tag","embeddable":true,"href":"https:\/\/labestiapolitica.com.mx\/index.php?rest_route=%2Fwp%2Fv2%2Ftags&post=84436"}],"curies":[{"name":"wp","href":"https:\/\/api.w.org\/{rel}","templated":true}]}}