{"id":84445,"date":"2026-09-02T17:19:48","date_gmt":"2026-09-02T23:19:48","guid":{"rendered":"https:\/\/labestiapolitica.com.mx\/?p=84445"},"modified":"2026-09-02T17:19:48","modified_gmt":"2026-09-02T23:19:48","slug":"patrullajes-y-labores-de-inteligencia-permiten-recuperar-vehiculo-con-reporte-de-robo-en-tlaltelulco","status":"publish","type":"post","link":"https:\/\/labestiapolitica.com.mx\/?p=84445","title":{"rendered":"Patrullajes y labores de inteligencia permiten recuperar veh\u00edculo con reporte de robo en Tlaltelulco."},"content":{"rendered":"<p style=\"text-align: justify;\">El Gobierno Municipal informa a la ciudadan\u00eda que, como resultado de las acciones permanentes de vigilancia y prevenci\u00f3n implementadas en el municipio, elementos de la Direcci\u00f3n de Seguridad P\u00fablica Municipal y Vialidad lograron localizar y recuperar un veh\u00edculo que contaba con reporte de robo vigente.<\/p>\n<p style=\"text-align: justify;\">Mediante patrullajes preventivos, labores de inteligencia en campo y el uso de la tecnolog\u00eda del C2, elementos policiales detectaron un veh\u00edculo en aparente estado de abandono, ubicado entre la maleza.<\/p>\n<p style=\"text-align: justify;\">Tras realizar una inspecci\u00f3n visual y consultar sus medios de identificaci\u00f3n vehicular, se confirm\u00f3 que se trataba de un Nissan Versa, modelo 2018, color blanco, el cual contaba con un reporte de robo vigente originado en la capital tlaxcalteca.<\/p>\n<p style=\"text-align: justify;\">Ante esta situaci\u00f3n, los elementos procedieron al aseguramiento y recuperaci\u00f3n de la unidad, para posteriormente ponerla a disposici\u00f3n de las autoridades correspondientes y dar continuidad a los procedimientos legales establecidos.<\/p>\n<p style=\"text-align: justify;\">El Gobierno Municipal, encabezado por la Presidenta Municipal Roc\u00edo Mel\u00e9ndez Pluma, refrenda su compromiso de mantener una estrategia permanente de seguridad, fortaleciendo los patrullajes y las herramientas tecnol\u00f3gicas para mejorar la capacidad de respuesta ante cualquier situaci\u00f3n que pueda afectar la tranquilidad de las familias.<\/p>\n<p style=\"text-align: justify;\">La administraci\u00f3n municipal reconoce el trabajo de las y los elementos de Seguridad P\u00fablica Municipal, cuya presencia constante en los diferentes barrios y colonias contribuye a fortalecer la prevenci\u00f3n y la seguridad en La Magdalena Tlaltelulco.<\/p>\n<p style=\"text-align: justify;\">La seguridad es una responsabilidad compartida. Por ello, se invita a la ciudadan\u00eda a reportar oportunamente cualquier situaci\u00f3n sospechosa o hecho que pueda representar un riesgo, contribuyendo as\u00ed a mantener un municipio m\u00e1s seguro.<\/p>\n<p style=\"text-align: justify;\">Gobierno Municipal de La Magdalena Tlaltelulco<br \/>\n\u00a1No bajamos la guardia! Seguimos trabajando por la seguridad y tranquilidad de las familias.<\/p>\n<p>&nbsp;<\/p>\n<p><img loading=\"lazy\" decoding=\"async\" class=\"aligncenter wp-image-79046 size-large\" src=\"https:\/\/labestiapolitica.com.mx\/wp-content\/uploads\/2026\/07\/AJ-uni-819x1024.jpeg\" alt=\"\" width=\"640\" height=\"800\" srcset=\"https:\/\/labestiapolitica.com.mx\/wp-content\/uploads\/2026\/07\/AJ-uni-819x1024.jpeg 819w, https:\/\/labestiapolitica.com.mx\/wp-content\/uploads\/2026\/07\/AJ-uni-240x300.jpeg 240w, https:\/\/labestiapolitica.com.mx\/wp-content\/uploads\/2026\/07\/AJ-uni-768x960.jpeg 768w, https:\/\/labestiapolitica.com.mx\/wp-content\/uploads\/2026\/07\/AJ-uni.jpeg 1080w\" sizes=\"auto, (max-width: 640px) 100vw, 640px\" \/><\/p>\n","protected":false},"excerpt":{"rendered":"<p>El Gobierno Municipal informa a la ciudadan\u00eda que, como resultado de las acciones permanentes de vigilancia y prevenci\u00f3n implementadas en el municipio, elementos de la Direcci\u00f3n de Seguridad P\u00fablica Municipal y Vialidad lograron localizar y recuperar un veh\u00edculo que contaba con reporte de robo vigente. Mediante patrullajes preventivos, labores de inteligencia en campo y el [&hellip;]<\/p>\n","protected":false},"author":5,"featured_media":84446,"comment_status":"open","ping_status":"open","sticky":false,"template":"","format":"standard","meta":{"footnotes":""},"categories":[218,216],"tags":[],"class_list":["post-84445","post","type-post","status-publish","format-standard","has-post-thumbnail","hentry","category-la-magdalena-tlaltelulco","category-municipios"],"amp_enabled":true,"_links":{"self":[{"href":"https:\/\/labestiapolitica.com.mx\/index.php?rest_route=\/wp\/v2\/posts\/84445","targetHints":{"allow":["GET"]}}],"collection":[{"href":"https:\/\/labestiapolitica.com.mx\/index.php?rest_route=\/wp\/v2\/posts"}],"about":[{"href":"https:\/\/labestiapolitica.com.mx\/index.php?rest_route=\/wp\/v2\/types\/post"}],"author":[{"embeddable":true,"href":"https:\/\/labestiapolitica.com.mx\/index.php?rest_route=\/wp\/v2\/users\/5"}],"replies":[{"embeddable":true,"href":"https:\/\/labestiapolitica.com.mx\/index.php?rest_route=%2Fwp%2Fv2%2Fcomments&post=84445"}],"version-history":[{"count":1,"href":"https:\/\/labestiapolitica.com.mx\/index.php?rest_route=\/wp\/v2\/posts\/84445\/revisions"}],"predecessor-version":[{"id":84447,"href":"https:\/\/labestiapolitica.com.mx\/index.php?rest_route=\/wp\/v2\/posts\/84445\/revisions\/84447"}],"wp:featuredmedia":[{"embeddable":true,"href":"https:\/\/labestiapolitica.com.mx\/index.php?rest_route=\/wp\/v2\/media\/84446"}],"wp:attachment":[{"href":"https:\/\/labestiapolitica.com.mx\/index.php?rest_route=%2Fwp%2Fv2%2Fmedia&parent=84445"}],"wp:term":[{"taxonomy":"category","embeddable":true,"href":"https:\/\/labestiapolitica.com.mx\/index.php?rest_route=%2Fwp%2Fv2%2Fcategories&post=84445"},{"taxonomy":"post_tag","embeddable":true,"href":"https:\/\/labestiapolitica.com.mx\/index.php?rest_route=%2Fwp%2Fv2%2Ftags&post=84445"}],"curies":[{"name":"wp","href":"https:\/\/api.w.org\/{rel}","templated":true}]}}