{"id":84448,"date":"2026-09-02T17:23:21","date_gmt":"2026-09-02T23:23:21","guid":{"rendered":"https:\/\/labestiapolitica.com.mx\/?p=84448"},"modified":"2026-09-02T17:23:21","modified_gmt":"2026-09-02T23:23:21","slug":"gobierno-de-ixtenco-abre-convocatoria-para-la-sexta-jornada-de-empleo-temporal-2026","status":"publish","type":"post","link":"https:\/\/labestiapolitica.com.mx\/?p=84448","title":{"rendered":"Gobierno de Ixtenco abre convocatoria para la sexta jornada de empleo temporal 2026."},"content":{"rendered":"<p style=\"text-align: justify;\">El Gobierno Municipal de Ixtenco, encabezado por la presidenta municipal Mtra. Miriam Aline Lazo Caballero, invita a la ciudadan\u00eda a inscribirse al programa municipal \u00abBienestar para tu Econom\u00eda\u00bb y formar parte de la Sexta Jornada de Empleo Temporal 2026, una estrategia enfocada en fortalecer la econom\u00eda de las familias ixtenquenses mediante oportunidades de empleo digno.<\/p>\n<p style=\"text-align: justify;\">A trav\u00e9s de esta jornada, las y los participantes contribuir\u00e1n en acciones de limpieza y rescate de espacios p\u00fablicos, deportivos y \u00e1reas de uso com\u00fan, generando al mismo tiempo un ingreso que apoye la econom\u00eda de sus hogares y contribuya a mantener un municipio m\u00e1s limpio y ordenado.<\/p>\n<p style=\"text-align: justify;\">Las personas interesadas deber\u00e1n presentar su solicitud de inscripci\u00f3n, misma que podr\u00e1n obtener en la Oficina de Bienestar Municipal, adem\u00e1s de dos copias de identificaci\u00f3n oficial vigente y legible, dos copias de CURP y comprobante de domicilio mediante recibo de agua actualizado.<\/p>\n<p style=\"text-align: justify;\">La recepci\u00f3n de solicitudes y documentaci\u00f3n estar\u00e1 disponible del 2 al 25 de septiembre de 2026, en la Oficina de Bienestar Municipal, ubicada al interior del Palacio Municipal, en horarios de 13:00 a 14:00 horas y de 15:00 a 16:00 horas.<\/p>\n<p style=\"text-align: justify;\">La administraci\u00f3n que encabeza Aline Lazo refrenda con estas acciones su compromiso de impulsar programas que representen un beneficio directo para la econom\u00eda de las familias, al tiempo que fomentan la participaci\u00f3n ciudadana en el cuidado y mejoramiento de los espacios de Ixtenco.<\/p>\n<p>&nbsp;<\/p>\n<p><img loading=\"lazy\" decoding=\"async\" class=\"aligncenter wp-image-79046 size-large\" src=\"https:\/\/labestiapolitica.com.mx\/wp-content\/uploads\/2026\/07\/AJ-uni-819x1024.jpeg\" alt=\"\" width=\"640\" height=\"800\" srcset=\"https:\/\/labestiapolitica.com.mx\/wp-content\/uploads\/2026\/07\/AJ-uni-819x1024.jpeg 819w, https:\/\/labestiapolitica.com.mx\/wp-content\/uploads\/2026\/07\/AJ-uni-240x300.jpeg 240w, https:\/\/labestiapolitica.com.mx\/wp-content\/uploads\/2026\/07\/AJ-uni-768x960.jpeg 768w, https:\/\/labestiapolitica.com.mx\/wp-content\/uploads\/2026\/07\/AJ-uni.jpeg 1080w\" sizes=\"auto, (max-width: 640px) 100vw, 640px\" \/><\/p>\n","protected":false},"excerpt":{"rendered":"<p>El Gobierno Municipal de Ixtenco, encabezado por la presidenta municipal Mtra. Miriam Aline Lazo Caballero, invita a la ciudadan\u00eda a inscribirse al programa municipal \u00abBienestar para tu Econom\u00eda\u00bb y formar parte de la Sexta Jornada de Empleo Temporal 2026, una estrategia enfocada en fortalecer la econom\u00eda de las familias ixtenquenses mediante oportunidades de empleo digno. [&hellip;]<\/p>\n","protected":false},"author":5,"featured_media":84449,"comment_status":"open","ping_status":"open","sticky":false,"template":"","format":"standard","meta":{"footnotes":""},"categories":[257,216],"tags":[],"class_list":["post-84448","post","type-post","status-publish","format-standard","has-post-thumbnail","hentry","category-ixtenco","category-municipios"],"amp_enabled":true,"_links":{"self":[{"href":"https:\/\/labestiapolitica.com.mx\/index.php?rest_route=\/wp\/v2\/posts\/84448","targetHints":{"allow":["GET"]}}],"collection":[{"href":"https:\/\/labestiapolitica.com.mx\/index.php?rest_route=\/wp\/v2\/posts"}],"about":[{"href":"https:\/\/labestiapolitica.com.mx\/index.php?rest_route=\/wp\/v2\/types\/post"}],"author":[{"embeddable":true,"href":"https:\/\/labestiapolitica.com.mx\/index.php?rest_route=\/wp\/v2\/users\/5"}],"replies":[{"embeddable":true,"href":"https:\/\/labestiapolitica.com.mx\/index.php?rest_route=%2Fwp%2Fv2%2Fcomments&post=84448"}],"version-history":[{"count":1,"href":"https:\/\/labestiapolitica.com.mx\/index.php?rest_route=\/wp\/v2\/posts\/84448\/revisions"}],"predecessor-version":[{"id":84450,"href":"https:\/\/labestiapolitica.com.mx\/index.php?rest_route=\/wp\/v2\/posts\/84448\/revisions\/84450"}],"wp:featuredmedia":[{"embeddable":true,"href":"https:\/\/labestiapolitica.com.mx\/index.php?rest_route=\/wp\/v2\/media\/84449"}],"wp:attachment":[{"href":"https:\/\/labestiapolitica.com.mx\/index.php?rest_route=%2Fwp%2Fv2%2Fmedia&parent=84448"}],"wp:term":[{"taxonomy":"category","embeddable":true,"href":"https:\/\/labestiapolitica.com.mx\/index.php?rest_route=%2Fwp%2Fv2%2Fcategories&post=84448"},{"taxonomy":"post_tag","embeddable":true,"href":"https:\/\/labestiapolitica.com.mx\/index.php?rest_route=%2Fwp%2Fv2%2Ftags&post=84448"}],"curies":[{"name":"wp","href":"https:\/\/api.w.org\/{rel}","templated":true}]}}