{"id":84451,"date":"2026-09-02T17:26:11","date_gmt":"2026-09-02T23:26:11","guid":{"rendered":"https:\/\/labestiapolitica.com.mx\/?p=84451"},"modified":"2026-09-02T17:26:11","modified_gmt":"2026-09-02T23:26:11","slug":"pan-tlaxcala-destaca-amplio-apoyo-ciudadano-y-de-especialistas-en-agenda-legislativa-de-miriam-martinez","status":"publish","type":"post","link":"https:\/\/labestiapolitica.com.mx\/?p=84451","title":{"rendered":"PAN Tlaxcala destaca amplio apoyo ciudadano y de especialistas en agenda legislativa de Miriam Mart\u00ednez."},"content":{"rendered":"<div class=\"xdj266r x14z9mp xat24cr x1lziwak x1vvkbs x126k92a\">\n<ul>\n<li dir=\"auto\" style=\"text-align: justify;\">Las propuestas presentadas buscan que las leyes se traduzcan en instituciones eficientes, derechos reales y soluciones concretas para las familias tlaxcaltecas: \u00c1ngelo Guti\u00e9rrez Hern\u00e1ndez.<\/li>\n<\/ul>\n<\/div>\n<div class=\"x14z9mp xat24cr x1lziwak x1vvkbs xtlvy1s x126k92a\" style=\"text-align: justify;\">\n<div dir=\"auto\">El presidente del Comit\u00e9 Directivo Estatal del Partido Acci\u00f3n Nacional, \u00c1ngelo Guti\u00e9rrez Hern\u00e1ndez, reconoci\u00f3 y expres\u00f3 el respaldo del PAN Tlaxcala a la agenda legislativa presentada este d\u00eda por la diputada local Miriam Mart\u00ednez S\u00e1nchez en el Congreso del Estado, al considerar que plantea soluciones concretas para mejorar el funcionamiento de las instituciones y atender las necesidades de la ciudadan\u00eda.<\/div>\n<div dir=\"auto\"><\/div>\n<\/div>\n<div class=\"x14z9mp xat24cr x1lziwak x1vvkbs xtlvy1s x126k92a\" style=\"text-align: justify;\">\n<div dir=\"auto\">El dirigente estatal enfatiz\u00f3 que existe una diferencia fundamental entre aprobar leyes y lograr que estas realmente sirvan para resolver los problemas de las personas.<\/div>\n<\/div>\n<div class=\"x14z9mp xat24cr x1lziwak x1vvkbs xtlvy1s x126k92a\" style=\"text-align: justify;\">\n<div dir=\"auto\">\u201cEn Acci\u00f3n Nacional creemos que el Congreso no debe convertirse en una f\u00e1brica de normas que terminan archivadas, ni en un espacio donde los problemas solamente se discutan sin asumir responsabilidades. Una ley tiene sentido cuando establece obligaciones claras, fija responsables y permite que los ciudadanos sepan qu\u00e9 se hizo, qu\u00e9 falta y qui\u00e9n debe responder\u201d, afirm\u00f3.<\/div>\n<div dir=\"auto\"><\/div>\n<\/div>\n<div class=\"x14z9mp xat24cr x1lziwak x1vvkbs xtlvy1s x126k92a\" style=\"text-align: justify;\">\n<div dir=\"auto\">Guti\u00e9rrez Hern\u00e1ndez se\u00f1al\u00f3 que la agenda impulsada por la diputada panista tiene una visi\u00f3n clara: construir instituciones que funcionen, garantizar derechos que verdaderamente puedan ejercerse y ofrecer respuestas frente a los problemas cotidianos de las familias tlaxcaltecas.<\/div>\n<div dir=\"auto\"><\/div>\n<\/div>\n<div class=\"x14z9mp xat24cr x1lziwak x1vvkbs xtlvy1s x126k92a\" style=\"text-align: justify;\">\n<div dir=\"auto\">Subray\u00f3 que este proyecto cuenta con el respaldo de m\u00e1s de 300 mil ciudadanos visitados durante el receso legislativo, as\u00ed como con el apoyo de especialistas en seguridad, justicia, salud y obra p\u00fablica, quienes participaron en la construcci\u00f3n de los ejes, tal como lo dio a conocer la legisladora panista.<\/div>\n<div dir=\"auto\"><\/div>\n<\/div>\n<div class=\"x14z9mp xat24cr x1lziwak x1vvkbs xtlvy1s x126k92a\" style=\"text-align: justify;\">\n<div dir=\"auto\">Entre los planteamientos se encuentra establecer que las secretar\u00edas estrat\u00e9gicas del Gobierno del Estado sean encabezadas por personas preparadas, con experiencia y conocimiento de la realidad de Tlaxcala, sus municipios y comunidades.<\/div>\n<div dir=\"auto\"><\/div>\n<\/div>\n<div class=\"x14z9mp xat24cr x1lziwak x1vvkbs xtlvy1s x126k92a\" style=\"text-align: justify;\">\n<div dir=\"auto\">\u201cGobernar Tlaxcala no puede ser un premio pol\u00edtico, ni un espacio para improvisar. Quienes tengan bajo su responsabilidad \u00e1reas como Gobierno, Seguridad, Finanzas o Econom\u00eda deben conocer nuestro estado y entender sus necesidades. Tlaxcala debe ser para los tlaxcaltecas y sus instituciones deben estar al servicio de su gente\u201d, sostuvo.<\/div>\n<\/div>\n<div class=\"x14z9mp xat24cr x1lziwak x1vvkbs xtlvy1s x126k92a\" style=\"text-align: justify;\">\n<div dir=\"auto\">Otro de los ejes es garantizar seguimiento ante la falta de medicamentos en hospitales y centros de salud. La propuesta plantea que cada solicitud cuente con un folio, una ruta de atenci\u00f3n y una respuesta clara para que las personas sepan d\u00f3nde pueden conseguir el medicamento requerido o cu\u00e1ndo les ser\u00e1 entregado.<\/div>\n<div dir=\"auto\"><\/div>\n<\/div>\n<div class=\"x14z9mp xat24cr x1lziwak x1vvkbs xtlvy1s x126k92a\" style=\"text-align: justify;\">\n<div dir=\"auto\">\u201cCuando una persona acude a una instituci\u00f3n de salud y le informan que no hay medicamento, la responsabilidad del gobierno no puede terminar en esa ventanilla. El ciudadano merece una alternativa, seguimiento y una respuesta\u201d, puntualiz\u00f3.<\/div>\n<div dir=\"auto\"><\/div>\n<\/div>\n<div class=\"x14z9mp xat24cr x1lziwak x1vvkbs xtlvy1s x126k92a\" style=\"text-align: justify;\">\n<div dir=\"auto\">La agenda tambi\u00e9n contempla fortalecer la Defensor\u00eda P\u00fablica para ofrecer atenci\u00f3n profesional, cercana y con capacidad de respuesta en todo el estado, principalmente para las familias que no cuentan con recursos para contratar representaci\u00f3n jur\u00eddica.<\/div>\n<div dir=\"auto\"><\/div>\n<\/div>\n<div class=\"x14z9mp xat24cr x1lziwak x1vvkbs xtlvy1s x126k92a\" style=\"text-align: justify;\">\n<div dir=\"auto\">En materia de transparencia, se impulsa la creaci\u00f3n de contratos abiertos de obra p\u00fablica, con el prop\u00f3sito de que la ciudadan\u00eda pueda conocer y vigilar cada proyecto desde su adjudicaci\u00f3n hasta el \u00faltimo pago, incluyendo costos, empresas responsables, modificaciones y montos finales.<\/div>\n<div dir=\"auto\"><\/div>\n<\/div>\n<div class=\"x14z9mp xat24cr x1lziwak x1vvkbs xtlvy1s x126k92a\" style=\"text-align: justify;\">\n<div dir=\"auto\">\u201cUna obra p\u00fablica no termina con la colocaci\u00f3n de la primera piedra, ni con el corte de un list\u00f3n. Los ciudadanos tienen derecho a saber cu\u00e1nto cost\u00f3, qui\u00e9n la realiz\u00f3, qu\u00e9 cambios tuvo y cu\u00e1nto termin\u00f3 pagando el gobierno\u201d, subray\u00f3.<\/div>\n<div dir=\"auto\"><\/div>\n<\/div>\n<div class=\"x14z9mp xat24cr x1lziwak x1vvkbs xtlvy1s x126k92a\" style=\"text-align: justify;\">\n<div dir=\"auto\">En seguridad, se propuso crear una Academia de Formaci\u00f3n Policial Municipal que permita brindar preparaci\u00f3n cercana, coordinada y con est\u00e1ndares comunes a los elementos de los diferentes ayuntamientos.<\/div>\n<div dir=\"auto\"><\/div>\n<\/div>\n<div class=\"x14z9mp xat24cr x1lziwak x1vvkbs xtlvy1s x126k92a\" style=\"text-align: justify;\">\n<div dir=\"auto\">\u00c1ngelo Guti\u00e9rrez se\u00f1al\u00f3 que las polic\u00edas municipales representan el primer contacto de muchas familias con la autoridad, por lo que su capacitaci\u00f3n no puede depender de las posibilidades o condiciones particulares de cada municipio.<\/div>\n<div dir=\"auto\"><\/div>\n<\/div>\n<div class=\"x14z9mp xat24cr x1lziwak x1vvkbs xtlvy1s x126k92a\" style=\"text-align: justify;\">\n<div dir=\"auto\">La agenda legislativa tambi\u00e9n incluye el regreso de las estancias infantiles, bajo un modelo de centros registrados, supervisados, con protocolos de seguridad y capacidad de respuesta ante cualquier riesgo.<\/div>\n<div dir=\"auto\"><\/div>\n<\/div>\n<div class=\"x14z9mp xat24cr x1lziwak x1vvkbs xtlvy1s x126k92a\" style=\"text-align: justify;\">\n<div dir=\"auto\">\u201cEsta propuesta no solamente busca recuperar espacios para el cuidado de ni\u00f1as y ni\u00f1os. Tambi\u00e9n representa un apoyo directo para las madres y padres de familia que necesitan trabajar, estudiar o desarrollar una actividad productiva con la tranquilidad de que sus hijas e hijos se encuentran en lugares seguros\u201d, a\u00f1adi\u00f3.<\/div>\n<div dir=\"auto\"><\/div>\n<\/div>\n<div class=\"x14z9mp xat24cr x1lziwak x1vvkbs xtlvy1s x126k92a\" style=\"text-align: justify;\">\n<div dir=\"auto\">El presidente del PAN Tlaxcala afirm\u00f3 que estas propuestas tienen un elemento en com\u00fan: establecer obligaciones concretas para las instituciones y brindar herramientas a los ciudadanos para exigir resultados.<\/div>\n<div dir=\"auto\"><\/div>\n<\/div>\n<div class=\"x14z9mp xat24cr x1lziwak x1vvkbs xtlvy1s x126k92a\">\n<div dir=\"auto\" style=\"text-align: justify;\">\u201cDesde el PAN vamos a seguir respaldando una pol\u00edtica que no se limite a se\u00f1alar lo que est\u00e1 mal, sino que presente alternativas responsables. Tlaxcala necesita menos discursos y m\u00e1s instituciones que respondan; menos tr\u00e1mites y m\u00e1s soluciones; menos opacidad y mayor vigilancia ciudadana\u201d, finaliz\u00f3.<\/div>\n<div dir=\"auto\"><\/div>\n<\/div>\n<div dir=\"auto\"><img loading=\"lazy\" decoding=\"async\" class=\"aligncenter wp-image-79046 size-large\" src=\"https:\/\/labestiapolitica.com.mx\/wp-content\/uploads\/2026\/07\/AJ-uni-819x1024.jpeg\" alt=\"\" width=\"640\" height=\"800\" srcset=\"https:\/\/labestiapolitica.com.mx\/wp-content\/uploads\/2026\/07\/AJ-uni-819x1024.jpeg 819w, https:\/\/labestiapolitica.com.mx\/wp-content\/uploads\/2026\/07\/AJ-uni-240x300.jpeg 240w, https:\/\/labestiapolitica.com.mx\/wp-content\/uploads\/2026\/07\/AJ-uni-768x960.jpeg 768w, https:\/\/labestiapolitica.com.mx\/wp-content\/uploads\/2026\/07\/AJ-uni.jpeg 1080w\" sizes=\"auto, (max-width: 640px) 100vw, 640px\" \/><\/div>\n","protected":false},"excerpt":{"rendered":"<p>Las propuestas presentadas buscan que las leyes se traduzcan en instituciones eficientes, derechos reales y soluciones concretas para las familias tlaxcaltecas: \u00c1ngelo Guti\u00e9rrez Hern\u00e1ndez. El presidente del Comit\u00e9 Directivo Estatal del Partido Acci\u00f3n Nacional, \u00c1ngelo Guti\u00e9rrez Hern\u00e1ndez, reconoci\u00f3 y expres\u00f3 el respaldo del PAN Tlaxcala a la agenda legislativa presentada este d\u00eda por la diputada [&hellip;]<\/p>\n","protected":false},"author":5,"featured_media":84452,"comment_status":"open","ping_status":"open","sticky":false,"template":"","format":"standard","meta":{"footnotes":""},"categories":[248,264,247],"tags":[],"class_list":["post-84451","post","type-post","status-publish","format-standard","has-post-thumbnail","hentry","category-pan","category-partidos-politicos","category-politica"],"amp_enabled":true,"_links":{"self":[{"href":"https:\/\/labestiapolitica.com.mx\/index.php?rest_route=\/wp\/v2\/posts\/84451","targetHints":{"allow":["GET"]}}],"collection":[{"href":"https:\/\/labestiapolitica.com.mx\/index.php?rest_route=\/wp\/v2\/posts"}],"about":[{"href":"https:\/\/labestiapolitica.com.mx\/index.php?rest_route=\/wp\/v2\/types\/post"}],"author":[{"embeddable":true,"href":"https:\/\/labestiapolitica.com.mx\/index.php?rest_route=\/wp\/v2\/users\/5"}],"replies":[{"embeddable":true,"href":"https:\/\/labestiapolitica.com.mx\/index.php?rest_route=%2Fwp%2Fv2%2Fcomments&post=84451"}],"version-history":[{"count":1,"href":"https:\/\/labestiapolitica.com.mx\/index.php?rest_route=\/wp\/v2\/posts\/84451\/revisions"}],"predecessor-version":[{"id":84453,"href":"https:\/\/labestiapolitica.com.mx\/index.php?rest_route=\/wp\/v2\/posts\/84451\/revisions\/84453"}],"wp:featuredmedia":[{"embeddable":true,"href":"https:\/\/labestiapolitica.com.mx\/index.php?rest_route=\/wp\/v2\/media\/84452"}],"wp:attachment":[{"href":"https:\/\/labestiapolitica.com.mx\/index.php?rest_route=%2Fwp%2Fv2%2Fmedia&parent=84451"}],"wp:term":[{"taxonomy":"category","embeddable":true,"href":"https:\/\/labestiapolitica.com.mx\/index.php?rest_route=%2Fwp%2Fv2%2Fcategories&post=84451"},{"taxonomy":"post_tag","embeddable":true,"href":"https:\/\/labestiapolitica.com.mx\/index.php?rest_route=%2Fwp%2Fv2%2Ftags&post=84451"}],"curies":[{"name":"wp","href":"https:\/\/api.w.org\/{rel}","templated":true}]}}