{"id":84460,"date":"2026-09-02T17:43:06","date_gmt":"2026-09-02T23:43:06","guid":{"rendered":"https:\/\/labestiapolitica.com.mx\/?p=84460"},"modified":"2026-09-02T17:43:06","modified_gmt":"2026-09-02T23:43:06","slug":"realiza-ayuntamiento-de-tlaxcala-jornada-intensiva-de-limpieza-preventiva-de-rejillas-pluviales-para-proteger-a-la-ciudadania","status":"publish","type":"post","link":"https:\/\/labestiapolitica.com.mx\/?p=84460","title":{"rendered":"Realiza Ayuntamiento de Tlaxcala jornada intensiva de limpieza preventiva de rejillas pluviales para proteger a la ciudadan\u00eda."},"content":{"rendered":"<p style=\"text-align: justify;\">El Ayuntamiento de Tlaxcala, a trav\u00e9s de la Direcci\u00f3n de Obras P\u00fablicas y Desarrollo Urbano, llev\u00f3 a cabo este mi\u00e9rcoles una jornada de limpieza de rejillas pluviales en la calle Zitlalpop\u00f3catl y en la Avenida Ribere\u00f1a, como parte de las acciones permanentes para prevenir afectaciones durante la temporada de lluvias y mantener en \u00f3ptimas condiciones la infraestructura urbana de la capital.<\/p>\n<p style=\"text-align: justify;\">Estas labores fueron realizadas por brigadas integradas por personal del Ayuntamiento, que efectuaron trabajos de retiro de residuos y desazolve en los puntos estrat\u00e9gicos de captaci\u00f3n pluvial, con el prop\u00f3sito de favorecer el adecuado flujo del agua y reducir riesgos de encharcamientos o acumulaciones que puedan afectar la movilidad y la seguridad de las familias tlaxcaltecas.<\/p>\n<p style=\"text-align: justify;\">Con un gobierno cercano que escucha y atiende las necesidades de la poblaci\u00f3n, estas acciones reflejan una pol\u00edtica de trabajo preventivo y de respuesta oportuna, en concordancia con los principios de la Cuarta Transformaci\u00f3n, donde el bienestar, la atenci\u00f3n directa a la ciudadan\u00eda y la soluci\u00f3n de los problemas cotidianos son parte fundamental del servicio p\u00fablico.<\/p>\n<p style=\"text-align: justify;\">Este tipo de trabajos de prevenci\u00f3n tuvieron un especial \u00e9nfasis durante la administraci\u00f3n del ahora alcalde con licencia, Alfonso S\u00e1nchez Garc\u00eda, quien impuls\u00f3 una estrategia permanente de mantenimiento urbano, la cual hoy tiene continuidad en la administraci\u00f3n de Carlos L\u00f3pez, con lo que se fortalecen las acciones institucionales para construir una ciudad ordenada y preparada ante las condiciones climatol\u00f3gicas.<\/p>\n<p>&nbsp;<\/p>\n<p><img loading=\"lazy\" decoding=\"async\" class=\"aligncenter wp-image-79046 size-large\" src=\"https:\/\/labestiapolitica.com.mx\/wp-content\/uploads\/2026\/07\/AJ-uni-819x1024.jpeg\" alt=\"\" width=\"640\" height=\"800\" srcset=\"https:\/\/labestiapolitica.com.mx\/wp-content\/uploads\/2026\/07\/AJ-uni-819x1024.jpeg 819w, https:\/\/labestiapolitica.com.mx\/wp-content\/uploads\/2026\/07\/AJ-uni-240x300.jpeg 240w, https:\/\/labestiapolitica.com.mx\/wp-content\/uploads\/2026\/07\/AJ-uni-768x960.jpeg 768w, https:\/\/labestiapolitica.com.mx\/wp-content\/uploads\/2026\/07\/AJ-uni.jpeg 1080w\" sizes=\"auto, (max-width: 640px) 100vw, 640px\" \/><\/p>\n","protected":false},"excerpt":{"rendered":"<p>El Ayuntamiento de Tlaxcala, a trav\u00e9s de la Direcci\u00f3n de Obras P\u00fablicas y Desarrollo Urbano, llev\u00f3 a cabo este mi\u00e9rcoles una jornada de limpieza de rejillas pluviales en la calle Zitlalpop\u00f3catl y en la Avenida Ribere\u00f1a, como parte de las acciones permanentes para prevenir afectaciones durante la temporada de lluvias y mantener en \u00f3ptimas condiciones [&hellip;]<\/p>\n","protected":false},"author":5,"featured_media":84461,"comment_status":"open","ping_status":"open","sticky":false,"template":"","format":"standard","meta":{"footnotes":""},"categories":[216,214],"tags":[],"class_list":["post-84460","post","type-post","status-publish","format-standard","has-post-thumbnail","hentry","category-municipios","category-tlaxcala-capital"],"amp_enabled":true,"_links":{"self":[{"href":"https:\/\/labestiapolitica.com.mx\/index.php?rest_route=\/wp\/v2\/posts\/84460","targetHints":{"allow":["GET"]}}],"collection":[{"href":"https:\/\/labestiapolitica.com.mx\/index.php?rest_route=\/wp\/v2\/posts"}],"about":[{"href":"https:\/\/labestiapolitica.com.mx\/index.php?rest_route=\/wp\/v2\/types\/post"}],"author":[{"embeddable":true,"href":"https:\/\/labestiapolitica.com.mx\/index.php?rest_route=\/wp\/v2\/users\/5"}],"replies":[{"embeddable":true,"href":"https:\/\/labestiapolitica.com.mx\/index.php?rest_route=%2Fwp%2Fv2%2Fcomments&post=84460"}],"version-history":[{"count":1,"href":"https:\/\/labestiapolitica.com.mx\/index.php?rest_route=\/wp\/v2\/posts\/84460\/revisions"}],"predecessor-version":[{"id":84462,"href":"https:\/\/labestiapolitica.com.mx\/index.php?rest_route=\/wp\/v2\/posts\/84460\/revisions\/84462"}],"wp:featuredmedia":[{"embeddable":true,"href":"https:\/\/labestiapolitica.com.mx\/index.php?rest_route=\/wp\/v2\/media\/84461"}],"wp:attachment":[{"href":"https:\/\/labestiapolitica.com.mx\/index.php?rest_route=%2Fwp%2Fv2%2Fmedia&parent=84460"}],"wp:term":[{"taxonomy":"category","embeddable":true,"href":"https:\/\/labestiapolitica.com.mx\/index.php?rest_route=%2Fwp%2Fv2%2Fcategories&post=84460"},{"taxonomy":"post_tag","embeddable":true,"href":"https:\/\/labestiapolitica.com.mx\/index.php?rest_route=%2Fwp%2Fv2%2Ftags&post=84460"}],"curies":[{"name":"wp","href":"https:\/\/api.w.org\/{rel}","templated":true}]}}