{"id":84464,"date":"2026-09-02T19:08:07","date_gmt":"2026-09-03T01:08:07","guid":{"rendered":"https:\/\/labestiapolitica.com.mx\/?p=84464"},"modified":"2026-09-02T19:08:15","modified_gmt":"2026-09-03T01:08:15","slug":"seguimos-siendo-alianza-ciudadana-azain-avalos-niega-cambio-a-morena","status":"publish","type":"post","link":"https:\/\/labestiapolitica.com.mx\/?p=84464","title":{"rendered":"\u201cSeguimos siendo Alianza Ciudadana\u201d: Aza\u00edn \u00c1valos niega cambio a Morena."},"content":{"rendered":"<p style=\"text-align: justify;\"><em><strong>Demian M\u00e1rquez<\/strong><\/em> | El presidente municipal de Apetatitl\u00e1n, Aza\u00edn \u00c1valos Marb\u00e1n, descart\u00f3 que su presencia en actividades relacionadas con Morena implique una eventual salida del Partido Alianza Ciudadana (PAC), fuerza pol\u00edtica por la que actualmente milita.<\/p>\n<p style=\"text-align: justify;\">El alcalde se\u00f1al\u00f3 que debe distinguirse entre los actos partidistas y aquellos convocados por la gobernadora Lorena Cu\u00e9llar Cisneros o la presidenta de M\u00e9xico, Claudia Sheinbaum Pardo, a los que, dijo, los presidentes municipales acuden en calidad institucional.<\/p>\n<p style=\"text-align: justify;\">\u00c1valos Marb\u00e1n sostuvo que mantiene respeto por los distintos proyectos pol\u00edticos y explic\u00f3 que su participaci\u00f3n en eventos oficiales responde a las invitaciones que reciben como autoridades municipales.<\/p>\n<p style=\"text-align: justify;\">En contraste, destac\u00f3 que recientemente tambi\u00e9n particip\u00f3 en una actividad interna del PAC, relacionada con la toma de protesta de sus comit\u00e9s seccionales, como parte de las acciones para fortalecer la presencia de este partido.<\/p>\n<p style=\"text-align: justify;\">Ante la pregunta directa sobre si continuar\u00e1 en Alianza Ciudadana y si existe la posibilidad de incorporarse a Morena, el alcalde fue enf\u00e1tico al se\u00f1alar que seguir\u00e1 militando en el PAC y trabajando para consolidar al partido en el municipio de Apetatitl\u00e1n.<\/p>\n<p style=\"text-align: justify;\">Con ello, neg\u00f3 que exista por ahora un cambio en su filiaci\u00f3n pol\u00edtica.<\/p>\n<p style=\"text-align: justify;\">Respecto a una posible llamada de atenci\u00f3n por parte de la dirigencia del PAC debido a su participaci\u00f3n en actos encabezados por autoridades de Morena, \u00c1valos Marb\u00e1n asegur\u00f3 que no ha recibido ning\u00fan se\u00f1alamiento.<\/p>\n<p style=\"text-align: justify;\">Por el contrario, afirm\u00f3 que existe di\u00e1logo y apertura con la dirigencia partidista para abordar este tipo de situaciones.<\/p>\n<p style=\"text-align: justify;\">El alcalde tambi\u00e9n defendi\u00f3 su disposici\u00f3n para respaldar las acciones de la gobernadora, al considerar que la coordinaci\u00f3n institucional y el apoyo recibido por parte del gobierno estatal son importantes para impulsar proyectos y atender las necesidades de Apetatitl\u00e1n.<\/p>\n<p style=\"text-align: justify;\">De esta manera, sostuvo que su participaci\u00f3n en eventos oficiales no modifica su permanencia dentro del PAC.<\/p>\n","protected":false},"excerpt":{"rendered":"<p>Demian M\u00e1rquez | El presidente municipal de Apetatitl\u00e1n, Aza\u00edn \u00c1valos Marb\u00e1n, descart\u00f3 que su presencia en actividades relacionadas con Morena implique una eventual salida del Partido Alianza Ciudadana (PAC), fuerza pol\u00edtica por la que actualmente milita. El alcalde se\u00f1al\u00f3 que debe distinguirse entre los actos partidistas y aquellos convocados por la gobernadora Lorena Cu\u00e9llar Cisneros [&hellip;]<\/p>\n","protected":false},"author":5,"featured_media":84465,"comment_status":"open","ping_status":"open","sticky":false,"template":"","format":"standard","meta":{"footnotes":""},"categories":[3,298,247],"tags":[],"class_list":["post-84464","post","type-post","status-publish","format-standard","has-post-thumbnail","hentry","category-8-columnas","category-pac-partido-alianza-ciudadana","category-politica"],"amp_enabled":true,"_links":{"self":[{"href":"https:\/\/labestiapolitica.com.mx\/index.php?rest_route=\/wp\/v2\/posts\/84464","targetHints":{"allow":["GET"]}}],"collection":[{"href":"https:\/\/labestiapolitica.com.mx\/index.php?rest_route=\/wp\/v2\/posts"}],"about":[{"href":"https:\/\/labestiapolitica.com.mx\/index.php?rest_route=\/wp\/v2\/types\/post"}],"author":[{"embeddable":true,"href":"https:\/\/labestiapolitica.com.mx\/index.php?rest_route=\/wp\/v2\/users\/5"}],"replies":[{"embeddable":true,"href":"https:\/\/labestiapolitica.com.mx\/index.php?rest_route=%2Fwp%2Fv2%2Fcomments&post=84464"}],"version-history":[{"count":1,"href":"https:\/\/labestiapolitica.com.mx\/index.php?rest_route=\/wp\/v2\/posts\/84464\/revisions"}],"predecessor-version":[{"id":84466,"href":"https:\/\/labestiapolitica.com.mx\/index.php?rest_route=\/wp\/v2\/posts\/84464\/revisions\/84466"}],"wp:featuredmedia":[{"embeddable":true,"href":"https:\/\/labestiapolitica.com.mx\/index.php?rest_route=\/wp\/v2\/media\/84465"}],"wp:attachment":[{"href":"https:\/\/labestiapolitica.com.mx\/index.php?rest_route=%2Fwp%2Fv2%2Fmedia&parent=84464"}],"wp:term":[{"taxonomy":"category","embeddable":true,"href":"https:\/\/labestiapolitica.com.mx\/index.php?rest_route=%2Fwp%2Fv2%2Fcategories&post=84464"},{"taxonomy":"post_tag","embeddable":true,"href":"https:\/\/labestiapolitica.com.mx\/index.php?rest_route=%2Fwp%2Fv2%2Ftags&post=84464"}],"curies":[{"name":"wp","href":"https:\/\/api.w.org\/{rel}","templated":true}]}}