{"id":84467,"date":"2026-09-02T19:13:58","date_gmt":"2026-09-03T01:13:58","guid":{"rendered":"https:\/\/labestiapolitica.com.mx\/?p=84467"},"modified":"2026-09-02T19:13:58","modified_gmt":"2026-09-03T01:13:58","slug":"campus-teacalco-uatx-inicio-diplomado-sobre-aplicacion-practica-del-codigo-nacional-de-procedimientos-civiles-y-familiares","status":"publish","type":"post","link":"https:\/\/labestiapolitica.com.mx\/?p=84467","title":{"rendered":"Campus Teacalco UATx inici\u00f3 diplomado sobre aplicaci\u00f3n pr\u00e1ctica del C\u00f3digo Nacional de Procedimientos Civiles y Familiares."},"content":{"rendered":"<p style=\"font-weight: 400; text-align: justify;\">Con el prop\u00f3sito de actualizar y profesionalizar a especialistas que ejercen como el derecho como\u00a0jueces civiles y familiares, servidores p\u00fablicos, litigantes, acad\u00e9micos y estudiantes interesados en los procedimientos jur\u00eddicos, la Unidad Acad\u00e9mica Multidisciplinaria\u00a0<em>Campus<\/em>\u00a0Teacalco de la Universidad Aut\u00f3noma de Tlaxcala (UAMCT-UATx) inici\u00f3 el Segundo Diplomado de Aplicaci\u00f3n Pr\u00e1ctica, el cual est\u00e1 enfocado en el C\u00f3digo Nacional de Procedimientos Civiles y Familiares (CNPCyF).<\/p>\n<p style=\"font-weight: 400; text-align: justify;\">Dicho diplomado que se realiza por segunda ocasi\u00f3n, se desarrollar\u00e1 en 15 m\u00f3dulos en formato virtual y se orienta al estudio y aplicaci\u00f3n pr\u00e1ctica del CNPCyF, a partir del sistema de audiencias orales y de justicia digital, adem\u00e1s, se analizar\u00e1n sus disposiciones plasmadas en los principios y procedimientos, as\u00ed como las etapas procesales que guarda la ley procesal nacional.<\/p>\n<p style=\"font-weight: 400; text-align: justify;\">Durante las diferentes sesiones, los participantes analizar\u00e1n las facultades que competen a las partes y las atribuciones de las autoridades jurisdiccionales; tambi\u00e9n se estudiar\u00e1n las nuevas herramientas procesales orientadas a la tutela judicial efectiva y a la protecci\u00f3n de los derechos de las personas.<\/p>\n<p style=\"font-weight: 400; text-align: justify;\">Asimismo, trabajar\u00e1n\u00a0 sobre el an\u00e1lisis de casos y situaciones pr\u00e1cticas que permitan trasladar la normativa al ejercicio profesional, porque se busca que los participantes desarrollen habilidades para aplicar adecuadamente las disposiciones del C\u00f3digo. De esta forma, desde la Universidad se busca contribuir a una formaci\u00f3n especializada frente a los retos de la implementaci\u00f3n del nuevo sistema procesal nacional.<\/p>\n","protected":false},"excerpt":{"rendered":"<p>Con el prop\u00f3sito de actualizar y profesionalizar a especialistas que ejercen como el derecho como\u00a0jueces civiles y familiares, servidores p\u00fablicos, litigantes, acad\u00e9micos y estudiantes interesados en los procedimientos jur\u00eddicos, la Unidad Acad\u00e9mica Multidisciplinaria\u00a0Campus\u00a0Teacalco de la Universidad Aut\u00f3noma de Tlaxcala (UAMCT-UATx) inici\u00f3 el Segundo Diplomado de Aplicaci\u00f3n Pr\u00e1ctica, el cual est\u00e1 enfocado en el C\u00f3digo Nacional [&hellip;]<\/p>\n","protected":false},"author":5,"featured_media":84469,"comment_status":"open","ping_status":"open","sticky":false,"template":"","format":"standard","meta":{"footnotes":""},"categories":[213,241],"tags":[],"class_list":["post-84467","post","type-post","status-publish","format-standard","has-post-thumbnail","hentry","category-educacion","category-uatx"],"amp_enabled":true,"_links":{"self":[{"href":"https:\/\/labestiapolitica.com.mx\/index.php?rest_route=\/wp\/v2\/posts\/84467","targetHints":{"allow":["GET"]}}],"collection":[{"href":"https:\/\/labestiapolitica.com.mx\/index.php?rest_route=\/wp\/v2\/posts"}],"about":[{"href":"https:\/\/labestiapolitica.com.mx\/index.php?rest_route=\/wp\/v2\/types\/post"}],"author":[{"embeddable":true,"href":"https:\/\/labestiapolitica.com.mx\/index.php?rest_route=\/wp\/v2\/users\/5"}],"replies":[{"embeddable":true,"href":"https:\/\/labestiapolitica.com.mx\/index.php?rest_route=%2Fwp%2Fv2%2Fcomments&post=84467"}],"version-history":[{"count":1,"href":"https:\/\/labestiapolitica.com.mx\/index.php?rest_route=\/wp\/v2\/posts\/84467\/revisions"}],"predecessor-version":[{"id":84470,"href":"https:\/\/labestiapolitica.com.mx\/index.php?rest_route=\/wp\/v2\/posts\/84467\/revisions\/84470"}],"wp:featuredmedia":[{"embeddable":true,"href":"https:\/\/labestiapolitica.com.mx\/index.php?rest_route=\/wp\/v2\/media\/84469"}],"wp:attachment":[{"href":"https:\/\/labestiapolitica.com.mx\/index.php?rest_route=%2Fwp%2Fv2%2Fmedia&parent=84467"}],"wp:term":[{"taxonomy":"category","embeddable":true,"href":"https:\/\/labestiapolitica.com.mx\/index.php?rest_route=%2Fwp%2Fv2%2Fcategories&post=84467"},{"taxonomy":"post_tag","embeddable":true,"href":"https:\/\/labestiapolitica.com.mx\/index.php?rest_route=%2Fwp%2Fv2%2Ftags&post=84467"}],"curies":[{"name":"wp","href":"https:\/\/api.w.org\/{rel}","templated":true}]}}