{"id":84474,"date":"2026-09-02T19:18:52","date_gmt":"2026-09-03T01:18:52","guid":{"rendered":"https:\/\/labestiapolitica.com.mx\/?p=84474"},"modified":"2026-09-02T19:18:52","modified_gmt":"2026-09-03T01:18:52","slug":"uatx-capacita-sobre-evacuacion-de-edificios-a-sus-equipos-de-proteccion-civil","status":"publish","type":"post","link":"https:\/\/labestiapolitica.com.mx\/?p=84474","title":{"rendered":"UATx capacita sobre evacuaci\u00f3n de edificios a sus equipos de protecci\u00f3n civil."},"content":{"rendered":"<ul>\n<li style=\"font-weight: 400; text-align: justify;\">Rector llama a fortalecer la cultura de la prevenci\u00f3n y la seguridad integral universitaria<\/li>\n<li style=\"font-weight: 400; text-align: justify;\">Personal debidamente capacitado marca la diferencia para brindar respuestas oportunas y eficaces ante una situaci\u00f3n de emergencia<\/li>\n<\/ul>\n<p style=\"font-weight: 400; text-align: justify;\">Con el prop\u00f3sito de consolidar una cultura de prevenci\u00f3n, salvaguardar la integridad de la comunidad universitaria y establecer criterios t\u00e9cnicos de respuesta ante contingencias, el Maestro Alejandro Palma Su\u00e1rez, Rector de la Universidad Aut\u00f3noma de Tlaxcala (UATx), inaugur\u00f3 el curso-taller \u00a0de capacitaci\u00f3n \u201cProtecci\u00f3n civil y evacuaci\u00f3n de edificios\u201d, del ciclo oto\u00f1o 2026, organizado por la Secretar\u00eda de Autorrealizaci\u00f3n en el Auditorio \u201cLuis Carvajal Espino\u201d.<\/p>\n<p style=\"font-weight: 400; text-align: justify;\">Al poner en marcha los trabajos, ante responsables de protecci\u00f3n civil de 61 \u00e1reas de la m\u00e1xima Casa de Estudios, el Maestro \u00a0Alejandro Palma subray\u00f3 que este encuentro reafirma el compromiso institucional con la seguridad, la dignidad humana y el cuidado colectivo.<\/p>\n<p style=\"font-weight: 400; text-align: justify;\">El Rector puntualiz\u00f3 que la prevenci\u00f3n es un pilar fundamental en la vida universitaria y no se debe esperar a que los riesgos se materialicen para actuar, por ello, la importancia de revisar y estructurar la organizaci\u00f3n interna de protecci\u00f3n civil, adem\u00e1s de atender de manera prioritaria los retos derivados de la operatividad y evacuaci\u00f3n de inmuebles de estructura vertical, como es el caso de la Torre de Rector\u00eda con sus 12 niveles, lo que demanda se\u00f1al\u00e9tica clara, conocimiento de rutas de emergencia y protocolos espec\u00edficos en elevadores y accesos.<\/p>\n<p style=\"font-weight: 400; text-align: justify;\">Por su parte, la Doctora Gloria Ram\u00edrez El\u00edas, Secretaria de Autorrealizaci\u00f3n, dio la bienvenida a los asistentes y record\u00f3 \u00a0que la protecci\u00f3n civil es una responsabilidad compartida que involucra protocolos, prevenci\u00f3n y corresponsabilidad. Dijo que bajo la filosof\u00eda del Modelo Humanista Integrador basado en Capacidades (MHIC), la formaci\u00f3n integral de la comunidad implica aprender a cuidarse y cuidar a los dem\u00e1s, por lo que\u00a0contar con personal debidamente capacitado marca la diferencia para brindar respuestas oportunas y eficaces ante una situaci\u00f3n de emergencia.<\/p>\n<p style=\"font-weight: 400; text-align: justify;\">En esta jornada se cont\u00f3 con la ponencia del Ingeniero Iv\u00e1n Le\u00f3n \u00c1guila, fundador y director de Soluciones en Capacitaci\u00f3n Ambiental, Emergencias, Seguridad Industrial y Protecci\u00f3n Civil, y Presidente del cap\u00edtulo Tlaxcala de la Asociaci\u00f3n Mexicana de Instructores de Seguridad Industrial (AMISI), quien expuso los lineamientos de actuaci\u00f3n ante sismos e incendios, diferenciando los procesos de evacuaci\u00f3n inmediata para niveles inferiores y las t\u00e9cnicas de repliegue en zonas seguras y columnas de carga para los niveles superiores en edificios de gran altura.<\/p>\n<p style=\"font-weight: 400; text-align: justify;\">Acompa\u00f1aron al Rector en el arranque del curso, la Maestra Rosa Ortega Landeros, Secretaria Acad\u00e9mica; la Doctora Margarita Mart\u00ednez G\u00f3mez, Secretaria de Investigaci\u00f3n Cient\u00edfica y Posgrado; la Maestra Diana Selene \u00c1vila Casco, Secretaria de Extensi\u00f3n Universitaria y Difusi\u00f3n Cultural; el Arquitecto Miguel Mois\u00e9s Garc\u00eda de Oca, Secretario Administrativo; y tambi\u00e9n asistieron coordinadores de Divisi\u00f3n, directores de facultades y unidades acad\u00e9micas multidisciplinarias.<\/p>\n","protected":false},"excerpt":{"rendered":"<p>Rector llama a fortalecer la cultura de la prevenci\u00f3n y la seguridad integral universitaria Personal debidamente capacitado marca la diferencia para brindar respuestas oportunas y eficaces ante una situaci\u00f3n de emergencia Con el prop\u00f3sito de consolidar una cultura de prevenci\u00f3n, salvaguardar la integridad de la comunidad universitaria y establecer criterios t\u00e9cnicos de respuesta ante contingencias, [&hellip;]<\/p>\n","protected":false},"author":5,"featured_media":84475,"comment_status":"open","ping_status":"open","sticky":false,"template":"","format":"standard","meta":{"footnotes":""},"categories":[213,241],"tags":[],"class_list":["post-84474","post","type-post","status-publish","format-standard","has-post-thumbnail","hentry","category-educacion","category-uatx"],"amp_enabled":true,"_links":{"self":[{"href":"https:\/\/labestiapolitica.com.mx\/index.php?rest_route=\/wp\/v2\/posts\/84474","targetHints":{"allow":["GET"]}}],"collection":[{"href":"https:\/\/labestiapolitica.com.mx\/index.php?rest_route=\/wp\/v2\/posts"}],"about":[{"href":"https:\/\/labestiapolitica.com.mx\/index.php?rest_route=\/wp\/v2\/types\/post"}],"author":[{"embeddable":true,"href":"https:\/\/labestiapolitica.com.mx\/index.php?rest_route=\/wp\/v2\/users\/5"}],"replies":[{"embeddable":true,"href":"https:\/\/labestiapolitica.com.mx\/index.php?rest_route=%2Fwp%2Fv2%2Fcomments&post=84474"}],"version-history":[{"count":1,"href":"https:\/\/labestiapolitica.com.mx\/index.php?rest_route=\/wp\/v2\/posts\/84474\/revisions"}],"predecessor-version":[{"id":84476,"href":"https:\/\/labestiapolitica.com.mx\/index.php?rest_route=\/wp\/v2\/posts\/84474\/revisions\/84476"}],"wp:featuredmedia":[{"embeddable":true,"href":"https:\/\/labestiapolitica.com.mx\/index.php?rest_route=\/wp\/v2\/media\/84475"}],"wp:attachment":[{"href":"https:\/\/labestiapolitica.com.mx\/index.php?rest_route=%2Fwp%2Fv2%2Fmedia&parent=84474"}],"wp:term":[{"taxonomy":"category","embeddable":true,"href":"https:\/\/labestiapolitica.com.mx\/index.php?rest_route=%2Fwp%2Fv2%2Fcategories&post=84474"},{"taxonomy":"post_tag","embeddable":true,"href":"https:\/\/labestiapolitica.com.mx\/index.php?rest_route=%2Fwp%2Fv2%2Ftags&post=84474"}],"curies":[{"name":"wp","href":"https:\/\/api.w.org\/{rel}","templated":true}]}}