{"id":84486,"date":"2026-09-02T22:00:58","date_gmt":"2026-09-03T04:00:58","guid":{"rendered":"https:\/\/labestiapolitica.com.mx\/?p=84486"},"modified":"2026-09-02T22:00:58","modified_gmt":"2026-09-03T04:00:58","slug":"acuerdan-ayuntamiento-de-tlaxcala-y-la-sesa-nueva-campana-de-bienestar-animal-para-todas-las-comunidades-y-delegaciones-de-tlaxcala","status":"publish","type":"post","link":"https:\/\/labestiapolitica.com.mx\/?p=84486","title":{"rendered":"Acuerdan Ayuntamiento de Tlaxcala y la SESA nueva campa\u00f1a de bienestar animal para todas las comunidades y delegaciones de Tlaxcala."},"content":{"rendered":"<p style=\"text-align: justify;\">El Ayuntamiento de Tlaxcala y Secretar\u00eda de Salud (SESA) acordaron llevar a cabo durante septiembre una nueva campa\u00f1a de bienestar animal a las diferentes comunidades y delegaciones de la capital, con servicios gratuitos de esterilizaci\u00f3n, vacunaci\u00f3n antirr\u00e1bica y ectodesparacitaci\u00f3n para perros y gatos.<\/p>\n<p style=\"text-align: justify;\">Durante el encuentro entre el alcalde Carlos L\u00f3pez Su\u00e1rez y el Coordinador de Zoonosis de la SESA, Pablo Mauricio Cruz S\u00e1nchez, se estableci\u00f3 que esta acci\u00f3n conjunta contemplar\u00e1 la presencia de un m\u00e9dico veterinario asignado por la dependencia estatal a la capital, quien realizar\u00e1 15 esterilizaciones diarias, adem\u00e1s de brindar atenci\u00f3n preventiva a los animales de compa\u00f1\u00eda.<\/p>\n<p style=\"text-align: justify;\">Los trabajos iniciar\u00e1n el pr\u00f3ximo lunes y se desarrollar\u00e1n de manera programada en las 18 localidades que integran el municipio, para lo cual la Unidad de Bienestar Animal establecer\u00e1 un calendario de atenci\u00f3n en coordinaci\u00f3n con presidentes de comunidad y delegados.<\/p>\n<p style=\"text-align: justify;\">En esta gesti\u00f3n particip\u00f3 la Direcci\u00f3n de Bienestar Humano, a trav\u00e9s de su titular, Emmanuel V\u00e1zquez Nava, quien tambi\u00e9n estuvo presente en esta reuni\u00f3n de trabajo.<\/p>\n<p style=\"text-align: justify;\">Esta nueva jornada representa adem\u00e1s la continuidad de un compromiso cumplido por el ahora alcalde con licencia Alfonso S\u00e1nchez Garc\u00eda, quien durante su administraci\u00f3n impuls\u00f3 acciones concretas en materia de bienestar animal y sent\u00f3 bases para ampliar la atenci\u00f3n en el municipio.<\/p>\n<p style=\"text-align: justify;\">Ahora, bajo la administraci\u00f3n de Carlos L\u00f3pez Su\u00e1rez, estos esfuerzos tienen seguimiento mediante nuevas gestiones y coordinaci\u00f3n institucional, con el objetivo de avanzar hacia una atenci\u00f3n cada vez m\u00e1s cercana, permanente y accesible para las familias de la capital.<\/p>\n<p style=\"text-align: justify;\">Se invita a la ciudadan\u00eda en general a consultar pr\u00f3ximamente las redes sociales institucionales del Ayuntamiento de Tlaxcala de Xicoht\u00e9ncatl en Facebook, Instagram y TikTok, a fin de conocer fechas y horarios en los que se desarrollar\u00e1 esta campa\u00f1a.<\/p>\n","protected":false},"excerpt":{"rendered":"<p>El Ayuntamiento de Tlaxcala y Secretar\u00eda de Salud (SESA) acordaron llevar a cabo durante septiembre una nueva campa\u00f1a de bienestar animal a las diferentes comunidades y delegaciones de la capital, con servicios gratuitos de esterilizaci\u00f3n, vacunaci\u00f3n antirr\u00e1bica y ectodesparacitaci\u00f3n para perros y gatos. Durante el encuentro entre el alcalde Carlos L\u00f3pez Su\u00e1rez y el Coordinador [&hellip;]<\/p>\n","protected":false},"author":5,"featured_media":84487,"comment_status":"open","ping_status":"open","sticky":false,"template":"","format":"standard","meta":{"footnotes":""},"categories":[216,214],"tags":[],"class_list":["post-84486","post","type-post","status-publish","format-standard","has-post-thumbnail","hentry","category-municipios","category-tlaxcala-capital"],"amp_enabled":true,"_links":{"self":[{"href":"https:\/\/labestiapolitica.com.mx\/index.php?rest_route=\/wp\/v2\/posts\/84486","targetHints":{"allow":["GET"]}}],"collection":[{"href":"https:\/\/labestiapolitica.com.mx\/index.php?rest_route=\/wp\/v2\/posts"}],"about":[{"href":"https:\/\/labestiapolitica.com.mx\/index.php?rest_route=\/wp\/v2\/types\/post"}],"author":[{"embeddable":true,"href":"https:\/\/labestiapolitica.com.mx\/index.php?rest_route=\/wp\/v2\/users\/5"}],"replies":[{"embeddable":true,"href":"https:\/\/labestiapolitica.com.mx\/index.php?rest_route=%2Fwp%2Fv2%2Fcomments&post=84486"}],"version-history":[{"count":1,"href":"https:\/\/labestiapolitica.com.mx\/index.php?rest_route=\/wp\/v2\/posts\/84486\/revisions"}],"predecessor-version":[{"id":84488,"href":"https:\/\/labestiapolitica.com.mx\/index.php?rest_route=\/wp\/v2\/posts\/84486\/revisions\/84488"}],"wp:featuredmedia":[{"embeddable":true,"href":"https:\/\/labestiapolitica.com.mx\/index.php?rest_route=\/wp\/v2\/media\/84487"}],"wp:attachment":[{"href":"https:\/\/labestiapolitica.com.mx\/index.php?rest_route=%2Fwp%2Fv2%2Fmedia&parent=84486"}],"wp:term":[{"taxonomy":"category","embeddable":true,"href":"https:\/\/labestiapolitica.com.mx\/index.php?rest_route=%2Fwp%2Fv2%2Fcategories&post=84486"},{"taxonomy":"post_tag","embeddable":true,"href":"https:\/\/labestiapolitica.com.mx\/index.php?rest_route=%2Fwp%2Fv2%2Ftags&post=84486"}],"curies":[{"name":"wp","href":"https:\/\/api.w.org\/{rel}","templated":true}]}}