{"id":84492,"date":"2026-09-03T11:25:07","date_gmt":"2026-09-03T17:25:07","guid":{"rendered":"https:\/\/labestiapolitica.com.mx\/?p=84492"},"modified":"2026-09-03T11:25:20","modified_gmt":"2026-09-03T17:25:20","slug":"chava-santos-encabeza-aprobacion-de-alcaldes-en-tlaxcala-con-52-9-demoscopia-la-jornada","status":"publish","type":"post","link":"https:\/\/labestiapolitica.com.mx\/?p=84492","title":{"rendered":"\u00abChava\u00bb Santos encabeza aprobaci\u00f3n de alcaldes en Tlaxcala con 52.9%: Demoscopia \/ La Jornada."},"content":{"rendered":"<p style=\"text-align: justify;\">De acuerdo con la medici\u00f3n de Demoscopia difundida por La Jornada Estado de M\u00e9xico, el presidente municipal de Huamantla, Salvador \u00abChava\u00bb Santos Cedillo, se ubic\u00f3 en primer lugar del ranking de aprobaci\u00f3n de alcaldes de Tlaxcala correspondiente a agosto de 2026, con 52.9% de aprobaci\u00f3n ciudadana.<\/p>\n<p style=\"text-align: justify;\">Le siguen en la lista Carlos L\u00f3pez Su\u00e1rez, presidente municipal de Tlaxcala; Blanca Angulo, de Chiautempan; Javier Rivera, de Apizaco; y Ana Luc\u00eda Arce, de San Pablo del Monte.<\/p>\n<p style=\"text-align: justify;\">El resultado coloca a Salvador Santos al frente de la evaluaci\u00f3n estatal entre los presidentes municipales considerados en la medici\u00f3n de agosto.<\/p>\n<p style=\"text-align: justify;\">De acuerdo con la metodolog\u00eda reportada por Demoscopia, el levantamiento se realiz\u00f3 del 28 al 31 de agosto de 2026, mediante 1,000 entrevistas telef\u00f3nicas a personas mayores de 18 a\u00f1os, con un nivel de confianza de 95% y un margen de error de \u00b13.8 puntos porcentuales.<\/p>\n<p style=\"text-align: justify;\">La medici\u00f3n corresponde a la evaluaci\u00f3n ciudadana del desempe\u00f1o de los gobiernos municipales durante el mes de agosto.<\/p>\n<p style=\"text-align: justify;\">Fuente: Demoscopia \/ La Jornada Estado de M\u00e9xico.<\/p>\n<p>&nbsp;<\/p>\n<p><img loading=\"lazy\" decoding=\"async\" class=\"aligncenter wp-image-79046 size-large\" src=\"https:\/\/labestiapolitica.com.mx\/wp-content\/uploads\/2026\/07\/AJ-uni-819x1024.jpeg\" alt=\"\" width=\"640\" height=\"800\" srcset=\"https:\/\/labestiapolitica.com.mx\/wp-content\/uploads\/2026\/07\/AJ-uni-819x1024.jpeg 819w, https:\/\/labestiapolitica.com.mx\/wp-content\/uploads\/2026\/07\/AJ-uni-240x300.jpeg 240w, https:\/\/labestiapolitica.com.mx\/wp-content\/uploads\/2026\/07\/AJ-uni-768x960.jpeg 768w, https:\/\/labestiapolitica.com.mx\/wp-content\/uploads\/2026\/07\/AJ-uni.jpeg 1080w\" sizes=\"auto, (max-width: 640px) 100vw, 640px\" \/><\/p>\n","protected":false},"excerpt":{"rendered":"<p>De acuerdo con la medici\u00f3n de Demoscopia difundida por La Jornada Estado de M\u00e9xico, el presidente municipal de Huamantla, Salvador \u00abChava\u00bb Santos Cedillo, se ubic\u00f3 en primer lugar del ranking de aprobaci\u00f3n de alcaldes de Tlaxcala correspondiente a agosto de 2026, con 52.9% de aprobaci\u00f3n ciudadana. Le siguen en la lista Carlos L\u00f3pez Su\u00e1rez, presidente [&hellip;]<\/p>\n","protected":false},"author":5,"featured_media":84494,"comment_status":"open","ping_status":"open","sticky":false,"template":"","format":"standard","meta":{"footnotes":""},"categories":[220,216],"tags":[],"class_list":["post-84492","post","type-post","status-publish","format-standard","has-post-thumbnail","hentry","category-huamantla","category-municipios"],"amp_enabled":true,"_links":{"self":[{"href":"https:\/\/labestiapolitica.com.mx\/index.php?rest_route=\/wp\/v2\/posts\/84492","targetHints":{"allow":["GET"]}}],"collection":[{"href":"https:\/\/labestiapolitica.com.mx\/index.php?rest_route=\/wp\/v2\/posts"}],"about":[{"href":"https:\/\/labestiapolitica.com.mx\/index.php?rest_route=\/wp\/v2\/types\/post"}],"author":[{"embeddable":true,"href":"https:\/\/labestiapolitica.com.mx\/index.php?rest_route=\/wp\/v2\/users\/5"}],"replies":[{"embeddable":true,"href":"https:\/\/labestiapolitica.com.mx\/index.php?rest_route=%2Fwp%2Fv2%2Fcomments&post=84492"}],"version-history":[{"count":1,"href":"https:\/\/labestiapolitica.com.mx\/index.php?rest_route=\/wp\/v2\/posts\/84492\/revisions"}],"predecessor-version":[{"id":84495,"href":"https:\/\/labestiapolitica.com.mx\/index.php?rest_route=\/wp\/v2\/posts\/84492\/revisions\/84495"}],"wp:featuredmedia":[{"embeddable":true,"href":"https:\/\/labestiapolitica.com.mx\/index.php?rest_route=\/wp\/v2\/media\/84494"}],"wp:attachment":[{"href":"https:\/\/labestiapolitica.com.mx\/index.php?rest_route=%2Fwp%2Fv2%2Fmedia&parent=84492"}],"wp:term":[{"taxonomy":"category","embeddable":true,"href":"https:\/\/labestiapolitica.com.mx\/index.php?rest_route=%2Fwp%2Fv2%2Fcategories&post=84492"},{"taxonomy":"post_tag","embeddable":true,"href":"https:\/\/labestiapolitica.com.mx\/index.php?rest_route=%2Fwp%2Fv2%2Ftags&post=84492"}],"curies":[{"name":"wp","href":"https:\/\/api.w.org\/{rel}","templated":true}]}}