{"id":84496,"date":"2026-09-03T11:39:32","date_gmt":"2026-09-03T17:39:32","guid":{"rendered":"https:\/\/labestiapolitica.com.mx\/?p=84496"},"modified":"2026-09-03T13:38:04","modified_gmt":"2026-09-03T19:38:04","slug":"crece-inconformidad-en-secundarias-de-tlaxcala-por-movimientos-de-personal","status":"publish","type":"post","link":"https:\/\/labestiapolitica.com.mx\/?p=84496","title":{"rendered":"Crece inconformidad en secundarias de Tlaxcala por movimientos de personal."},"content":{"rendered":"<p style=\"text-align: justify;\"><em><strong>Mariana LOVERA<\/strong><\/em> | Docentes y directivos de secundarias generales de Tlaxcala atraviesan un escenario de incertidumbre ante los recientes cambios de personal realizados por la Unidad de Servicios Educativos de Tlaxcala (USET), mismos que califican como arbitrarios y carentes de sustento legal. La inconformidad ha escalado al punto de la Escuela Secundaria General \u201cRafael Minor Franco\u201d, ubicada en Panotla, permanece cerrada y sin actividades, dejando a cientos de alumnos sin clases.<\/p>\n<p style=\"text-align: justify;\">De acuerdo con los trabajadores afectados, los movimientos de directivos y subdirectores, dados a conocer el pasado lunes, carecen de un procedimiento transparente y no responden a las necesidades particulares de cada centro escolar, tal como lo establecen los acuerdos entre la SEPE-USET y la representaci\u00f3n sindical.<\/p>\n<p style=\"text-align: justify;\">La actuaci\u00f3n de la jefa del Departamento de Secundarias Generales, Rub\u00ed Flores Sol\u00eds, ha sido se\u00f1alada directamente por los inconformes, quienes la acusan de ejecutar los cambios de manera discrecional. En la Secundaria \u201cLeonarda G\u00f3mez Blanco\u201d, de Totolac, personal del centro denunci\u00f3 que la funcionaria habr\u00eda impuesto a los nuevos directivos con la frase: \u201cAqu\u00ed se hace lo que yo digo\u201d, una expresi\u00f3n que, de confirmarse, resulta contraria al di\u00e1logo y respeto que debe prevalecer en el \u00e1mbito educativo.<\/p>\n<p style=\"text-align: justify;\">La protesta no se limita a Panotla. En la secundaria \u201cLic. Emilio S\u00e1nchez Piedras\u201d, de Buenavista, la base trabajadora tambi\u00e9n habr\u00eda manifestado su rechazo a la imposici\u00f3n del nuevo subdirector. Los docentes sostienen que las medidas no solo contravienen los procedimientos internos de la USET, sino que podr\u00edan vulnerar derechos laborales establecidos en la Constituci\u00f3n y la normatividad aplicable.<\/p>\n<p style=\"text-align: justify;\">*** Acusan presiones pol\u00edticas<\/p>\n<p style=\"text-align: justify;\">Entre las versiones que circulan entre los trabajadores, existe la percepci\u00f3n de que las determinaciones podr\u00edan estar relacionadas con la negativa de algunos directivos y docentes a participar en actividades de car\u00e1cter pol\u00edtico. De acuerdo con testimonios, habr\u00edan recibido invitaciones o presiones para asistir a eventos pol\u00edticos, incluida una asamblea realizada el pasado domingo.<\/p>\n<p style=\"text-align: justify;\">\u201cSomos apol\u00edticos, no estamos con nadie, nuestra \u00fanica obligaci\u00f3n y compromiso es con la educaci\u00f3n de los ni\u00f1os y j\u00f3venes de Tlaxcala\u201d, declar\u00f3 un trabajador que pidi\u00f3 mantener su identidad en reserva por temor a represalias.<\/p>\n<p style=\"text-align: justify;\">*** Exigen intervenci\u00f3n de autoridades<\/p>\n<p style=\"text-align: justify;\">Ante esta situaci\u00f3n, los directivos y subdirectores de secundarias generales presentaron un documento formal ante la USET para manifestar su rechazo y solicitar la revisi\u00f3n de los movimientos. Asimismo, exigen la intervenci\u00f3n del Secretario de Educaci\u00f3n P\u00fablica del Estado y director general de la USET, Jos\u00e9 Alonso Trujillo Dom\u00ednguez, para que revise la legalidad del procedimiento aplicado.<\/p>\n<p style=\"text-align: justify;\">Los trabajadores advirtieron que mantendr\u00e1n su postura y el cierre del plantel en Panotla hasta que reciban una respuesta oficial, y demandan que cualquier movimiento de personal se realice con transparencia, legalidad y respeto a los acuerdos, no con imposiciones que generen incertidumbre y percepci\u00f3n de favoritismo.<\/p>\n","protected":false},"excerpt":{"rendered":"<p>Mariana LOVERA | Docentes y directivos de secundarias generales de Tlaxcala atraviesan un escenario de incertidumbre ante los recientes cambios de personal realizados por la Unidad de Servicios Educativos de Tlaxcala (USET), mismos que califican como arbitrarios y carentes de sustento legal. La inconformidad ha escalado al punto de la Escuela Secundaria General \u201cRafael Minor [&hellip;]<\/p>\n","protected":false},"author":6,"featured_media":84497,"comment_status":"open","ping_status":"open","sticky":false,"template":"","format":"standard","meta":{"footnotes":""},"categories":[3,12,213],"tags":[],"class_list":["post-84496","post","type-post","status-publish","format-standard","has-post-thumbnail","hentry","category-8-columnas","category-brujula-2026","category-educacion"],"amp_enabled":true,"_links":{"self":[{"href":"https:\/\/labestiapolitica.com.mx\/index.php?rest_route=\/wp\/v2\/posts\/84496","targetHints":{"allow":["GET"]}}],"collection":[{"href":"https:\/\/labestiapolitica.com.mx\/index.php?rest_route=\/wp\/v2\/posts"}],"about":[{"href":"https:\/\/labestiapolitica.com.mx\/index.php?rest_route=\/wp\/v2\/types\/post"}],"author":[{"embeddable":true,"href":"https:\/\/labestiapolitica.com.mx\/index.php?rest_route=\/wp\/v2\/users\/6"}],"replies":[{"embeddable":true,"href":"https:\/\/labestiapolitica.com.mx\/index.php?rest_route=%2Fwp%2Fv2%2Fcomments&post=84496"}],"version-history":[{"count":1,"href":"https:\/\/labestiapolitica.com.mx\/index.php?rest_route=\/wp\/v2\/posts\/84496\/revisions"}],"predecessor-version":[{"id":84498,"href":"https:\/\/labestiapolitica.com.mx\/index.php?rest_route=\/wp\/v2\/posts\/84496\/revisions\/84498"}],"wp:featuredmedia":[{"embeddable":true,"href":"https:\/\/labestiapolitica.com.mx\/index.php?rest_route=\/wp\/v2\/media\/84497"}],"wp:attachment":[{"href":"https:\/\/labestiapolitica.com.mx\/index.php?rest_route=%2Fwp%2Fv2%2Fmedia&parent=84496"}],"wp:term":[{"taxonomy":"category","embeddable":true,"href":"https:\/\/labestiapolitica.com.mx\/index.php?rest_route=%2Fwp%2Fv2%2Fcategories&post=84496"},{"taxonomy":"post_tag","embeddable":true,"href":"https:\/\/labestiapolitica.com.mx\/index.php?rest_route=%2Fwp%2Fv2%2Ftags&post=84496"}],"curies":[{"name":"wp","href":"https:\/\/api.w.org\/{rel}","templated":true}]}}