{"id":84507,"date":"2026-09-03T13:05:27","date_gmt":"2026-09-03T19:05:27","guid":{"rendered":"https:\/\/labestiapolitica.com.mx\/?p=84507"},"modified":"2026-09-03T13:05:27","modified_gmt":"2026-09-03T19:05:27","slug":"antorcha-magisterial-anuncia-nueva-movilizacion-para-el-proximo-jueves-si-no-hay-respuesta-a-sus-demandas","status":"publish","type":"post","link":"https:\/\/labestiapolitica.com.mx\/?p=84507","title":{"rendered":"Antorcha Magisterial anuncia nueva movilizaci\u00f3n para el pr\u00f3ximo jueves si no hay respuesta a sus demandas."},"content":{"rendered":"<ul>\n<li style=\"text-align: justify;\">\u00a0El dirigente estatal, Isa\u00edas Chanona Hern\u00e1ndez, advirti\u00f3 que el pr\u00f3ximo jueves volver\u00e1n a las calles con un contingente mayor al de la movilizaci\u00f3n realizada la semana pasada, en caso de que las autoridades estatales no den respuesta a su pliego petitorio.<\/li>\n<\/ul>\n<p style=\"text-align: justify;\"><em><strong>Daniel Angulo<\/strong><\/em> | El Movimiento Antorchista Magisterial en Tlaxcala anunci\u00f3 una nueva movilizaci\u00f3n para el pr\u00f3ximo jueves, luego de advertir que esperar\u00e1 hasta los primeros d\u00edas de la siguiente semana para que las dependencias estatales atiendan las demandas que, afirm\u00f3, han sido planteadas desde hace meses sin obtener una soluci\u00f3n.<\/p>\n<p style=\"text-align: justify;\">Durante una rueda de prensa, el dirigente estatal antorchista, Isa\u00edas Chanona Hern\u00e1ndez, se\u00f1al\u00f3 que esperar\u00e1n de manera \u201cpaciente y prudente\u201d lo que resta de la semana y parte del lunes, martes y mi\u00e9rcoles para establecer di\u00e1logo con las autoridades; no obstante, de no existir avances, anunciar\u00e1n formalmente la movilizaci\u00f3n y saldr\u00e1n nuevamente a las calles el jueves.<\/p>\n<p style=\"text-align: justify;\">A diferencia de la protesta realizada la semana pasada, anticip\u00f3 que esta vez buscar\u00e1n concentrar un contingente mayor, al sostener que las movilizaciones responden a la falta de atenci\u00f3n a necesidades de distintos sectores que representa la organizaci\u00f3n.<\/p>\n<p style=\"text-align: justify;\">\u201cSi no hay una respuesta positiva, el d\u00eda jueves estaremos nuevamente en las calles\u201d, sostuvo Chanona Hern\u00e1ndez, quien asegur\u00f3 que la movilizaci\u00f3n ser\u00e1 organizada y pac\u00edfica.<\/p>\n<p style=\"text-align: justify;\">Entre las principales demandas expuestas se encuentran obras de infraestructura b\u00e1sica, atenci\u00f3n a problemas de salud, apoyos para el campo y la regularizaci\u00f3n de predios.<\/p>\n<p style=\"text-align: justify;\">En la comunidad de Zaragoza, por ejemplo, solicitaron la construcci\u00f3n de puentes para comunicar colonias que quedan afectadas durante la temporada de lluvias por las corrientes de agua.<\/p>\n<p style=\"text-align: justify;\">En materia agr\u00edcola, reclamaron la falta de entrega de proyectos productivos y fertilizante, adem\u00e1s de se\u00f1alar que campesinos que realizaron tr\u00e1mites para acceder a apoyos contin\u00faan esperando las convocatorias y, mientras tanto, deben cumplir con obligaciones fiscales derivadas de su registro ante el SAT.<\/p>\n<p style=\"text-align: justify;\">Otro de los conflictos se\u00f1alados corresponde a predios de la colonia Antorcha, segunda etapa, donde acusaron a elementos de la Polic\u00eda Estatal de intentar apropiarse de terrenos de habitantes, situaci\u00f3n que, dijeron, ya fue llevada ante las autoridades estatales sin que hasta el momento exista una soluci\u00f3n.<\/p>\n<p style=\"text-align: justify;\">El dirigente tambi\u00e9n defendi\u00f3 la permanencia de las cinco preparatorias vinculadas con Antorcha en el estado, al se\u00f1alar que fueron creadas hace m\u00e1s de 18 a\u00f1os en comunidades rurales y marginadas y que actualmente atienden a j\u00f3venes de esas regiones.<\/p>\n<p style=\"text-align: justify;\">Afirm\u00f3 que existe preocupaci\u00f3n por presuntos intentos de movilidad de directores, docentes y horas laborales en estas instituciones, por lo que exigi\u00f3 respeto a las escuelas y advirti\u00f3 que la organizaci\u00f3n defender\u00e1 su proyecto educativo.<\/p>\n<p style=\"text-align: justify;\">El dirigente insisti\u00f3 en que Antorcha Magisterial mantendr\u00e1 abierta la v\u00eda del di\u00e1logo, pero advirti\u00f3 que, si las autoridades no atienden sus planteamientos durante los pr\u00f3ximos d\u00edas, recurrir\u00e1n nuevamente a la movilizaci\u00f3n para hacer visibles sus demandas.<\/p>\n","protected":false},"excerpt":{"rendered":"<p>\u00a0El dirigente estatal, Isa\u00edas Chanona Hern\u00e1ndez, advirti\u00f3 que el pr\u00f3ximo jueves volver\u00e1n a las calles con un contingente mayor al de la movilizaci\u00f3n realizada la semana pasada, en caso de que las autoridades estatales no den respuesta a su pliego petitorio. Daniel Angulo | El Movimiento Antorchista Magisterial en Tlaxcala anunci\u00f3 una nueva movilizaci\u00f3n para [&hellip;]<\/p>\n","protected":false},"author":5,"featured_media":84508,"comment_status":"open","ping_status":"open","sticky":false,"template":"","format":"standard","meta":{"footnotes":""},"categories":[3,12],"tags":[],"class_list":["post-84507","post","type-post","status-publish","format-standard","has-post-thumbnail","hentry","category-8-columnas","category-brujula-2026"],"amp_enabled":true,"_links":{"self":[{"href":"https:\/\/labestiapolitica.com.mx\/index.php?rest_route=\/wp\/v2\/posts\/84507","targetHints":{"allow":["GET"]}}],"collection":[{"href":"https:\/\/labestiapolitica.com.mx\/index.php?rest_route=\/wp\/v2\/posts"}],"about":[{"href":"https:\/\/labestiapolitica.com.mx\/index.php?rest_route=\/wp\/v2\/types\/post"}],"author":[{"embeddable":true,"href":"https:\/\/labestiapolitica.com.mx\/index.php?rest_route=\/wp\/v2\/users\/5"}],"replies":[{"embeddable":true,"href":"https:\/\/labestiapolitica.com.mx\/index.php?rest_route=%2Fwp%2Fv2%2Fcomments&post=84507"}],"version-history":[{"count":1,"href":"https:\/\/labestiapolitica.com.mx\/index.php?rest_route=\/wp\/v2\/posts\/84507\/revisions"}],"predecessor-version":[{"id":84509,"href":"https:\/\/labestiapolitica.com.mx\/index.php?rest_route=\/wp\/v2\/posts\/84507\/revisions\/84509"}],"wp:featuredmedia":[{"embeddable":true,"href":"https:\/\/labestiapolitica.com.mx\/index.php?rest_route=\/wp\/v2\/media\/84508"}],"wp:attachment":[{"href":"https:\/\/labestiapolitica.com.mx\/index.php?rest_route=%2Fwp%2Fv2%2Fmedia&parent=84507"}],"wp:term":[{"taxonomy":"category","embeddable":true,"href":"https:\/\/labestiapolitica.com.mx\/index.php?rest_route=%2Fwp%2Fv2%2Fcategories&post=84507"},{"taxonomy":"post_tag","embeddable":true,"href":"https:\/\/labestiapolitica.com.mx\/index.php?rest_route=%2Fwp%2Fv2%2Ftags&post=84507"}],"curies":[{"name":"wp","href":"https:\/\/api.w.org\/{rel}","templated":true}]}}