{"id":84510,"date":"2026-09-03T13:12:27","date_gmt":"2026-09-03T19:12:27","guid":{"rendered":"https:\/\/labestiapolitica.com.mx\/?p=84510"},"modified":"2026-09-03T13:12:27","modified_gmt":"2026-09-03T19:12:27","slug":"unidad-de-las-izquierdas-respalda-a-sheinbaum-y-lanza-su-apuesta-rumbo-a-2027-en-tlaxcala","status":"publish","type":"post","link":"https:\/\/labestiapolitica.com.mx\/?p=84510","title":{"rendered":"Unidad de las Izquierdas respalda a Sheinbaum y lanza su apuesta rumbo a 2027 en Tlaxcala."},"content":{"rendered":"<p style=\"text-align: justify;\"><em><strong>Demian M\u00e1rquez<\/strong> <\/em>| La Unidad de las Izquierdas respald\u00f3 el proyecto de gobierno de la presidenta Claudia Sheinbaum y consider\u00f3 que su segundo informe refleja avances en materia econ\u00f3mica y social.<\/p>\n<p style=\"text-align: justify;\">Durante una rueda de prensa, sus integrantes destacaron pol\u00edticas relacionadas con salarios, programas de bienestar, derechos laborales, transici\u00f3n energ\u00e9tica y apoyo a las mujeres, aunque reconocieron que a\u00fan existen pendientes como fortalecer el sistema de salud, impulsar una reforma fiscal progresiva y proteger a las comunidades frente a la especulaci\u00f3n inmobiliaria.<\/p>\n<p style=\"text-align: justify;\">Sobre el proceso interno de Morena, la organizaci\u00f3n celebr\u00f3 la puesta en marcha de la Comisi\u00f3n Evaluadora de Incorporaciones y demand\u00f3 que opere como un filtro para evitar el llamado \u201cchapulineo\u201d pol\u00edtico.<\/p>\n<p style=\"text-align: justify;\">Se\u00f1alaron que quienes busquen integrarse al movimiento deben demostrar trayectoria, congruencia e identificaci\u00f3n con las causas sociales, pues advirtieron que los espacios construidos por la militancia no deben convertirse en refugio de actores vinculados con proyectos pol\u00edticos que, seg\u00fan su postura, representaron al viejo r\u00e9gimen.<\/p>\n<p style=\"text-align: justify;\">En Tlaxcala, la Unidad de las Izquierdas anunci\u00f3 adem\u00e1s su respaldo a Floria Mar\u00eda Hern\u00e1ndez y H\u00e9ctor Paredes Mora para buscar la Coordinaci\u00f3n de Defensa de la Transformaci\u00f3n y la Soberan\u00eda Nacional.<\/p>\n<p style=\"text-align: justify;\">El grupo sostuvo que esta propuesta representa una alternativa dentro de Morena y afirm\u00f3 que su objetivo es impulsar un proyecto pol\u00edtico antes que disputar candidaturas.<\/p>\n<p style=\"text-align: justify;\">La organizaci\u00f3n tambi\u00e9n descart\u00f3 cualquier acuerdo con el PRI y el PAN rumbo a las elecciones de 2027, al considerar que ambos partidos podr\u00edan intentar aprovechar las diferencias internas de Morena.<\/p>\n<p style=\"text-align: justify;\">Sus integrantes se\u00f1alaron que el movimiento debe mantenerse unido para conservar la fuerza electoral que, aseguraron, actualmente tiene a nivel estatal y nacional.<\/p>\n<p style=\"text-align: justify;\">Finalmente, la Unidad de las Izquierdas llam\u00f3 a la militancia a mantener la organizaci\u00f3n y defender los principios de la Cuarta Transformaci\u00f3n.<\/p>\n<p style=\"text-align: justify;\">Afirmaron que buscar\u00e1n construir un \u201cgobierno del pueblo, con el pueblo y para el pueblo\u201d, con una agenda enfocada en derechos sociales, honestidad y participaci\u00f3n ciudadana.<\/p>\n","protected":false},"excerpt":{"rendered":"<p>Demian M\u00e1rquez | La Unidad de las Izquierdas respald\u00f3 el proyecto de gobierno de la presidenta Claudia Sheinbaum y consider\u00f3 que su segundo informe refleja avances en materia econ\u00f3mica y social. Durante una rueda de prensa, sus integrantes destacaron pol\u00edticas relacionadas con salarios, programas de bienestar, derechos laborales, transici\u00f3n energ\u00e9tica y apoyo a las mujeres, [&hellip;]<\/p>\n","protected":false},"author":5,"featured_media":84511,"comment_status":"open","ping_status":"open","sticky":false,"template":"","format":"standard","meta":{"footnotes":""},"categories":[1],"tags":[],"class_list":["post-84510","post","type-post","status-publish","format-standard","has-post-thumbnail","hentry","category-uncategorized"],"amp_enabled":true,"_links":{"self":[{"href":"https:\/\/labestiapolitica.com.mx\/index.php?rest_route=\/wp\/v2\/posts\/84510","targetHints":{"allow":["GET"]}}],"collection":[{"href":"https:\/\/labestiapolitica.com.mx\/index.php?rest_route=\/wp\/v2\/posts"}],"about":[{"href":"https:\/\/labestiapolitica.com.mx\/index.php?rest_route=\/wp\/v2\/types\/post"}],"author":[{"embeddable":true,"href":"https:\/\/labestiapolitica.com.mx\/index.php?rest_route=\/wp\/v2\/users\/5"}],"replies":[{"embeddable":true,"href":"https:\/\/labestiapolitica.com.mx\/index.php?rest_route=%2Fwp%2Fv2%2Fcomments&post=84510"}],"version-history":[{"count":1,"href":"https:\/\/labestiapolitica.com.mx\/index.php?rest_route=\/wp\/v2\/posts\/84510\/revisions"}],"predecessor-version":[{"id":84512,"href":"https:\/\/labestiapolitica.com.mx\/index.php?rest_route=\/wp\/v2\/posts\/84510\/revisions\/84512"}],"wp:featuredmedia":[{"embeddable":true,"href":"https:\/\/labestiapolitica.com.mx\/index.php?rest_route=\/wp\/v2\/media\/84511"}],"wp:attachment":[{"href":"https:\/\/labestiapolitica.com.mx\/index.php?rest_route=%2Fwp%2Fv2%2Fmedia&parent=84510"}],"wp:term":[{"taxonomy":"category","embeddable":true,"href":"https:\/\/labestiapolitica.com.mx\/index.php?rest_route=%2Fwp%2Fv2%2Fcategories&post=84510"},{"taxonomy":"post_tag","embeddable":true,"href":"https:\/\/labestiapolitica.com.mx\/index.php?rest_route=%2Fwp%2Fv2%2Ftags&post=84510"}],"curies":[{"name":"wp","href":"https:\/\/api.w.org\/{rel}","templated":true}]}}