{"id":84513,"date":"2026-09-03T13:21:21","date_gmt":"2026-09-03T19:21:21","guid":{"rendered":"https:\/\/labestiapolitica.com.mx\/?p=84513"},"modified":"2026-09-03T13:21:21","modified_gmt":"2026-09-03T19:21:21","slug":"comunidad-del-carmen-xalapatlahuaya-y-telesecundaria-malintzi-encabezan-homenaje-civico-en-huamantla","status":"publish","type":"post","link":"https:\/\/labestiapolitica.com.mx\/?p=84513","title":{"rendered":"Comunidad del Carmen Xalapatlahuaya y Telesecundaria Malintzi encabezan homenaje c\u00edvico en Huamantla."},"content":{"rendered":"<p style=\"text-align: justify;\">Con la participaci\u00f3n de representantes de la comunidad del Carmen Xalapatlahuaya y de la Telesecundaria Malintzi, se llev\u00f3 a cabo el homenaje c\u00edvico de este jueves, como parte de las ceremonias que se realizan durante septiembre para fortalecer el respeto y orgullo por los s\u00edmbolos patrios.<\/p>\n<p style=\"text-align: justify;\">En esta ocasi\u00f3n, correspondi\u00f3 presidir el acto al C. Pablo Maldonado Gonz\u00e1lez, presidente de la comunidad del Carmen Xalapatlahuaya, quien acudi\u00f3 acompa\u00f1ado por personal de esta localidad.<\/p>\n<p style=\"text-align: justify;\">Tambi\u00e9n particip\u00f3 la Telesecundaria Malintzi, encabezada por su director, Ricardo Gil L\u00f3pez, junto con un grupo de estudiantes, quienes formaron parte de esta ceremonia y contribuyeron al desarrollo del acto c\u00edvico. Durante el homenaje, el director dirigi\u00f3 un mensaje alusivo a la importancia de mantener presentes los valores y principios que fortalecen la identidad nacional.<\/p>\n<p style=\"text-align: justify;\">En la ceremonia tambi\u00e9n estuvieron presentes integrantes del Ayuntamiento de Huamantla, as\u00ed como personal de la Coordinaci\u00f3n de Protecci\u00f3n Civil, quienes participaron en el desarrollo y acompa\u00f1amiento de este acto.<\/p>\n<p style=\"text-align: justify;\">Con estas actividades, el Gobierno Municipal que preside Salvador Santos Cedillo contin\u00faa generando espacios para que comunidades, instituciones educativas y servidores p\u00fablicos participen en las ceremonias c\u00edvicas que distinguen a septiembre como un mes para recordar nuestra historia, identidad y los valores que nos unen como mexicanos.<\/p>\n","protected":false},"excerpt":{"rendered":"<p>Con la participaci\u00f3n de representantes de la comunidad del Carmen Xalapatlahuaya y de la Telesecundaria Malintzi, se llev\u00f3 a cabo el homenaje c\u00edvico de este jueves, como parte de las ceremonias que se realizan durante septiembre para fortalecer el respeto y orgullo por los s\u00edmbolos patrios. En esta ocasi\u00f3n, correspondi\u00f3 presidir el acto al C. [&hellip;]<\/p>\n","protected":false},"author":5,"featured_media":84515,"comment_status":"open","ping_status":"open","sticky":false,"template":"","format":"standard","meta":{"footnotes":""},"categories":[220,216],"tags":[],"class_list":["post-84513","post","type-post","status-publish","format-standard","has-post-thumbnail","hentry","category-huamantla","category-municipios"],"amp_enabled":true,"_links":{"self":[{"href":"https:\/\/labestiapolitica.com.mx\/index.php?rest_route=\/wp\/v2\/posts\/84513","targetHints":{"allow":["GET"]}}],"collection":[{"href":"https:\/\/labestiapolitica.com.mx\/index.php?rest_route=\/wp\/v2\/posts"}],"about":[{"href":"https:\/\/labestiapolitica.com.mx\/index.php?rest_route=\/wp\/v2\/types\/post"}],"author":[{"embeddable":true,"href":"https:\/\/labestiapolitica.com.mx\/index.php?rest_route=\/wp\/v2\/users\/5"}],"replies":[{"embeddable":true,"href":"https:\/\/labestiapolitica.com.mx\/index.php?rest_route=%2Fwp%2Fv2%2Fcomments&post=84513"}],"version-history":[{"count":1,"href":"https:\/\/labestiapolitica.com.mx\/index.php?rest_route=\/wp\/v2\/posts\/84513\/revisions"}],"predecessor-version":[{"id":84516,"href":"https:\/\/labestiapolitica.com.mx\/index.php?rest_route=\/wp\/v2\/posts\/84513\/revisions\/84516"}],"wp:featuredmedia":[{"embeddable":true,"href":"https:\/\/labestiapolitica.com.mx\/index.php?rest_route=\/wp\/v2\/media\/84515"}],"wp:attachment":[{"href":"https:\/\/labestiapolitica.com.mx\/index.php?rest_route=%2Fwp%2Fv2%2Fmedia&parent=84513"}],"wp:term":[{"taxonomy":"category","embeddable":true,"href":"https:\/\/labestiapolitica.com.mx\/index.php?rest_route=%2Fwp%2Fv2%2Fcategories&post=84513"},{"taxonomy":"post_tag","embeddable":true,"href":"https:\/\/labestiapolitica.com.mx\/index.php?rest_route=%2Fwp%2Fv2%2Ftags&post=84513"}],"curies":[{"name":"wp","href":"https:\/\/api.w.org\/{rel}","templated":true}]}}