{"id":84517,"date":"2026-09-03T13:32:05","date_gmt":"2026-09-03T19:32:05","guid":{"rendered":"https:\/\/labestiapolitica.com.mx\/?p=84517"},"modified":"2026-09-03T13:32:05","modified_gmt":"2026-09-03T19:32:05","slug":"comportamiento-faccioso-floria-maria-y-hector-paredes-cuestionan-acciones-de-asg-en-asamblea-de-morena","status":"publish","type":"post","link":"https:\/\/labestiapolitica.com.mx\/?p=84517","title":{"rendered":"\u201cComportamiento faccioso\u201d: Floria Mar\u00eda y H\u00e9ctor Paredes cuestionan acciones de ASG en asamblea de Morena."},"content":{"rendered":"<p style=\"text-align: justify;\"><em><strong>Demian M\u00e1rquez<\/strong><\/em> | Los aspirantes a la Coordinaci\u00f3n Estatal de los Comit\u00e9s de Defensa de la Transformaci\u00f3n, Floria Mar\u00eda Hern\u00e1ndez y H\u00e9ctor Paredes Mora, aseguraron que acudieron a la asamblea de Morena del pasado domingo, en respaldo a la presidenta Claudia Sheinbaum, su presencia fue meramente institucional.<\/p>\n<p style=\"text-align: justify;\">Aceptando la invitaci\u00f3n del Comit\u00e9 Ejecutivo Estatal, pero esta acci\u00f3n no fue para respaldar a alguno de los participantes en la contienda interna.<\/p>\n<p style=\"text-align: justify;\">Explicaron que recibieron la convocatoria de la dirigencia estatal por Whatsapp igual que el resto de aspirantes y que su asistencia tambi\u00e9n respondi\u00f3 a las indicaciones del Comit\u00e9 Ejecutivo Nacional y de la Presidencia de la Rep\u00fablica para participar en las actividades relacionadas con la defensa de la soberan\u00eda nacional.<\/p>\n<p style=\"text-align: justify;\">Ambos se\u00f1alaron que antes del encuentro hab\u00edan solicitado al partido estatal material para sus recorridos, m\u00e1s en espec\u00edfico tiraje del peri\u00f3dico Regeneraci\u00f3n, para entregar en sus recorridos y una audiencia con la dirigencia, sin obtener respuesta en los t\u00e9rminos que esperaban.<\/p>\n<p style=\"text-align: justify;\">Por ello, sostuvieron que su presencia en la asamblea fue resultado de una convocatoria formal y que mantendr\u00e1n su postura hasta que el Comit\u00e9 Ejecutivo Nacional defina el m\u00e9todo y los resultados del proceso interno.<\/p>\n<p style=\"text-align: justify;\">Sobre la concentraci\u00f3n de simpatizantes de Alfonso S\u00e1nchez Garc\u00eda que se traslad\u00f3 al lugar del evento, los aspirantes consideraron que gener\u00f3 un desequilibrio dentro de una actividad a la que fueron convocados los distintos perfiles que buscan encabezar el movimiento en Tlaxcala.<\/p>\n<p style=\"text-align: justify;\">H\u00e9ctor Paredes Mora se\u00f1al\u00f3 que desconoc\u00edan previamente que se realizar\u00eda dicha movilizaci\u00f3n y cuestion\u00f3 que la dirigencia estatal permitiera una situaci\u00f3n que, desde su perspectiva, pudo favorecer a uno de los contendientes.<\/p>\n<p style=\"text-align: justify;\">Floria Mar\u00eda Hern\u00e1ndez y H\u00e9ctor Paredes Mora tambi\u00e9n hicieron un llamado a los dem\u00e1s aspirantes a privilegiar la unidad por encima de intereses personales o de grupo.<\/p>\n<p style=\"text-align: justify;\">Consideraron que el Comit\u00e9 Ejecutivo Nacional debe garantizar condiciones de igualdad para todos los participantes y evitar que las diferencias internas debiliten el proyecto de la Cuarta Transformaci\u00f3n.<\/p>\n<p style=\"text-align: justify;\">Finalmente, ambos refrendaron su apuesta por una \u201ctercera v\u00eda\u201d en Tlaxcala, con la intenci\u00f3n de presentarse como una alternativa frente a los grupos que actualmente disputan la coordinaci\u00f3n estatal.<\/p>\n<p style=\"text-align: justify;\">Afirmaron que continuar\u00e1n promoviendo la unidad del movimiento y una ruta que permita dar continuidad a la Cuarta Transformaci\u00f3n en la entidad.<\/p>\n","protected":false},"excerpt":{"rendered":"<p>Demian M\u00e1rquez | Los aspirantes a la Coordinaci\u00f3n Estatal de los Comit\u00e9s de Defensa de la Transformaci\u00f3n, Floria Mar\u00eda Hern\u00e1ndez y H\u00e9ctor Paredes Mora, aseguraron que acudieron a la asamblea de Morena del pasado domingo, en respaldo a la presidenta Claudia Sheinbaum, su presencia fue meramente institucional. Aceptando la invitaci\u00f3n del Comit\u00e9 Ejecutivo Estatal, pero [&hellip;]<\/p>\n","protected":false},"author":5,"featured_media":84518,"comment_status":"open","ping_status":"open","sticky":false,"template":"","format":"standard","meta":{"footnotes":""},"categories":[3,249,264,247],"tags":[],"class_list":["post-84517","post","type-post","status-publish","format-standard","has-post-thumbnail","hentry","category-8-columnas","category-morena","category-partidos-politicos","category-politica"],"amp_enabled":true,"_links":{"self":[{"href":"https:\/\/labestiapolitica.com.mx\/index.php?rest_route=\/wp\/v2\/posts\/84517","targetHints":{"allow":["GET"]}}],"collection":[{"href":"https:\/\/labestiapolitica.com.mx\/index.php?rest_route=\/wp\/v2\/posts"}],"about":[{"href":"https:\/\/labestiapolitica.com.mx\/index.php?rest_route=\/wp\/v2\/types\/post"}],"author":[{"embeddable":true,"href":"https:\/\/labestiapolitica.com.mx\/index.php?rest_route=\/wp\/v2\/users\/5"}],"replies":[{"embeddable":true,"href":"https:\/\/labestiapolitica.com.mx\/index.php?rest_route=%2Fwp%2Fv2%2Fcomments&post=84517"}],"version-history":[{"count":1,"href":"https:\/\/labestiapolitica.com.mx\/index.php?rest_route=\/wp\/v2\/posts\/84517\/revisions"}],"predecessor-version":[{"id":84519,"href":"https:\/\/labestiapolitica.com.mx\/index.php?rest_route=\/wp\/v2\/posts\/84517\/revisions\/84519"}],"wp:featuredmedia":[{"embeddable":true,"href":"https:\/\/labestiapolitica.com.mx\/index.php?rest_route=\/wp\/v2\/media\/84518"}],"wp:attachment":[{"href":"https:\/\/labestiapolitica.com.mx\/index.php?rest_route=%2Fwp%2Fv2%2Fmedia&parent=84517"}],"wp:term":[{"taxonomy":"category","embeddable":true,"href":"https:\/\/labestiapolitica.com.mx\/index.php?rest_route=%2Fwp%2Fv2%2Fcategories&post=84517"},{"taxonomy":"post_tag","embeddable":true,"href":"https:\/\/labestiapolitica.com.mx\/index.php?rest_route=%2Fwp%2Fv2%2Ftags&post=84517"}],"curies":[{"name":"wp","href":"https:\/\/api.w.org\/{rel}","templated":true}]}}