{"id":84520,"date":"2026-09-03T13:45:30","date_gmt":"2026-09-03T19:45:30","guid":{"rendered":"https:\/\/labestiapolitica.com.mx\/?p=84520"},"modified":"2026-09-03T13:47:59","modified_gmt":"2026-09-03T19:47:59","slug":"retienen-recursos-a-los-tres-poderes-de-tlaxcala-por-menor-recaudacion-federal","status":"publish","type":"post","link":"https:\/\/labestiapolitica.com.mx\/?p=84520","title":{"rendered":"Retienen recursos a los tres poderes de Tlaxcala por menor recaudaci\u00f3n federal."},"content":{"rendered":"<ul>\n<li style=\"text-align: justify;\">El Congreso local aprob\u00f3 por unanimidad retenciones por m\u00e1s de 63.7 millones de pesos correspondientes al segundo trimestre de 2026<\/li>\n<\/ul>\n<p style=\"text-align: justify;\"><em><strong>Daniel Angulo<\/strong><\/em> | El Congreso del Estado aprob\u00f3 por unanimidad autorizar al Gobierno de Tlaxcala la retenci\u00f3n de 63 millones 748 mil 624 pesos a los poderes Ejecutivo, Legislativo y Judicial, derivado del comportamiento negativo de los recursos federales durante el primer semestre del a\u00f1o.<\/p>\n<p style=\"text-align: justify;\">La mayor afectaci\u00f3n corresponde al Poder Ejecutivo, con una retenci\u00f3n de 59 millones 551 mil 611.71 pesos; mientras que al Poder Judicial se le descontar\u00e1n 2 millones 239 mil 255.51 pesos y al Poder Legislativo 1 mill\u00f3n 957 mil 757.37 pesos.<\/p>\n<p style=\"text-align: justify;\">La medida tiene como principal antecedente la ca\u00edda en los recursos que recauda la Federaci\u00f3n y que posteriormente se distribuyen entre los estados y municipios; de acuerdo con el dictamen, entre enero y junio de 2026 la Recaudaci\u00f3n Federal Participable registr\u00f3 una disminuci\u00f3n de 81 mil 988 millones de pesos, equivalente a una ca\u00edda de 2.87 por ciento.<\/p>\n<p style=\"text-align: justify;\">Esta menor recaudaci\u00f3n federal impact\u00f3 directamente en los recursos que reciben las entidades federativas, por lo que Tlaxcala tuvo que ajustar las cantidades correspondientes a sus tres poderes.<\/p>\n<p style=\"text-align: justify;\">Aunque los ingresos propios del estado tuvieron un comportamiento favorable, con 114.3 millones de pesos adicionales, y las participaciones federales e incentivos econ\u00f3micos registraron un crecimiento marginal de 2.8 millones de pesos, estos recursos no fueron suficientes para compensar la disminuci\u00f3n derivada de las participaciones federales.<\/p>\n<p style=\"text-align: justify;\">El decreto aprobado por la asamblea establece que, una vez descontada la parte correspondiente a los municipios, los recursos excedentes o las reducciones deben distribuirse entre los poderes Ejecutivo, Legislativo y Judicial de manera proporcional a los montos contemplados en el Presupuesto de Egresos de 2026.<\/p>\n<p style=\"text-align: justify;\">La Secretar\u00eda de Finanzas deber\u00e1 realizar las transferencias o retenciones correspondientes en una sola exhibici\u00f3n, mientras que el ejercicio de estos recursos deber\u00e1 quedar reportado en la cuenta p\u00fablica del presente a\u00f1o.<\/p>\n","protected":false},"excerpt":{"rendered":"<p>El Congreso local aprob\u00f3 por unanimidad retenciones por m\u00e1s de 63.7 millones de pesos correspondientes al segundo trimestre de 2026 Daniel Angulo | El Congreso del Estado aprob\u00f3 por unanimidad autorizar al Gobierno de Tlaxcala la retenci\u00f3n de 63 millones 748 mil 624 pesos a los poderes Ejecutivo, Legislativo y Judicial, derivado del comportamiento negativo [&hellip;]<\/p>\n","protected":false},"author":5,"featured_media":84521,"comment_status":"open","ping_status":"open","sticky":false,"template":"","format":"standard","meta":{"footnotes":""},"categories":[3,224,247],"tags":[],"class_list":["post-84520","post","type-post","status-publish","format-standard","has-post-thumbnail","hentry","category-8-columnas","category-congreso-del-estado-de-tlaxcala","category-politica"],"amp_enabled":true,"_links":{"self":[{"href":"https:\/\/labestiapolitica.com.mx\/index.php?rest_route=\/wp\/v2\/posts\/84520","targetHints":{"allow":["GET"]}}],"collection":[{"href":"https:\/\/labestiapolitica.com.mx\/index.php?rest_route=\/wp\/v2\/posts"}],"about":[{"href":"https:\/\/labestiapolitica.com.mx\/index.php?rest_route=\/wp\/v2\/types\/post"}],"author":[{"embeddable":true,"href":"https:\/\/labestiapolitica.com.mx\/index.php?rest_route=\/wp\/v2\/users\/5"}],"replies":[{"embeddable":true,"href":"https:\/\/labestiapolitica.com.mx\/index.php?rest_route=%2Fwp%2Fv2%2Fcomments&post=84520"}],"version-history":[{"count":1,"href":"https:\/\/labestiapolitica.com.mx\/index.php?rest_route=\/wp\/v2\/posts\/84520\/revisions"}],"predecessor-version":[{"id":84522,"href":"https:\/\/labestiapolitica.com.mx\/index.php?rest_route=\/wp\/v2\/posts\/84520\/revisions\/84522"}],"wp:featuredmedia":[{"embeddable":true,"href":"https:\/\/labestiapolitica.com.mx\/index.php?rest_route=\/wp\/v2\/media\/84521"}],"wp:attachment":[{"href":"https:\/\/labestiapolitica.com.mx\/index.php?rest_route=%2Fwp%2Fv2%2Fmedia&parent=84520"}],"wp:term":[{"taxonomy":"category","embeddable":true,"href":"https:\/\/labestiapolitica.com.mx\/index.php?rest_route=%2Fwp%2Fv2%2Fcategories&post=84520"},{"taxonomy":"post_tag","embeddable":true,"href":"https:\/\/labestiapolitica.com.mx\/index.php?rest_route=%2Fwp%2Fv2%2Ftags&post=84520"}],"curies":[{"name":"wp","href":"https:\/\/api.w.org\/{rel}","templated":true}]}}