{"id":84524,"date":"2026-09-03T13:49:05","date_gmt":"2026-09-03T19:49:05","guid":{"rendered":"https:\/\/labestiapolitica.com.mx\/?p=84524"},"modified":"2026-09-03T13:49:05","modified_gmt":"2026-09-03T19:49:05","slug":"%f0%9f%8f%85%e2%9c%a8san-pablo-del-monte-clausura-curso-de-verano-de-atletismo-para-ninas-ninos-y-jovenes","status":"publish","type":"post","link":"https:\/\/labestiapolitica.com.mx\/?p=84524","title":{"rendered":"\ud83c\udfc5\u2728San Pablo del Monte clausura Curso de Verano de Atletismo para ni\u00f1as, ni\u00f1os y j\u00f3venes"},"content":{"rendered":"<p class=\"isSelectedEnd\" style=\"text-align: justify;\"><strong>La actividad permiti\u00f3 a las y los participantes conocer distintas disciplinas deportivas y fortalecer habilidades como la disciplina, constancia y trabajo f\u00edsico.<\/strong><\/p>\n<p class=\"isSelectedEnd\" style=\"text-align: justify;\">El Ayuntamiento de San Pablo del Monte, a trav\u00e9s de la Direcci\u00f3n de Deportes, llev\u00f3 a cabo la clausura del Curso de Verano de Atletismo, en el que participaron ni\u00f1as, ni\u00f1os y j\u00f3venes del municipio.<\/p>\n<p class=\"isSelectedEnd\" style=\"text-align: justify;\">Durante el curso, las y los asistentes tuvieron la oportunidad de conocer y practicar distintas disciplinas relacionadas con el atletismo, adem\u00e1s de desarrollar sus capacidades f\u00edsicas y fomentar valores como la disciplina, constancia y perseverancia.<\/p>\n<p class=\"isSelectedEnd\" style=\"text-align: justify;\">Las autoridades municipales reconocieron el trabajo y compromiso del entrenador encargado de acompa\u00f1ar a las y los participantes durante esta experiencia deportiva.<\/p>\n<p class=\"isSelectedEnd\" style=\"text-align: justify;\">Asimismo, agradecieron a madres y padres de familia por la confianza y el acompa\u00f1amiento brindado a sus hijas e hijos durante el desarrollo de las actividades.<\/p>\n<p style=\"text-align: justify;\">El Ayuntamiento destac\u00f3 que continuar\u00e1 impulsando el deporte como una herramienta para promover h\u00e1bitos saludables, sana convivencia y el desarrollo integral de la ni\u00f1ez y juventud de San Pablo del Monte.<\/p>\n","protected":false},"excerpt":{"rendered":"<p>La actividad permiti\u00f3 a las y los participantes conocer distintas disciplinas deportivas y fortalecer habilidades como la disciplina, constancia y trabajo f\u00edsico. El Ayuntamiento de San Pablo del Monte, a trav\u00e9s de la Direcci\u00f3n de Deportes, llev\u00f3 a cabo la clausura del Curso de Verano de Atletismo, en el que participaron ni\u00f1as, ni\u00f1os y j\u00f3venes [&hellip;]<\/p>\n","protected":false},"author":3,"featured_media":84528,"comment_status":"open","ping_status":"open","sticky":false,"template":"","format":"standard","meta":{"footnotes":""},"categories":[216,223],"tags":[],"class_list":["post-84524","post","type-post","status-publish","format-standard","has-post-thumbnail","hentry","category-municipios","category-san-pablo-del-monte"],"amp_enabled":true,"_links":{"self":[{"href":"https:\/\/labestiapolitica.com.mx\/index.php?rest_route=\/wp\/v2\/posts\/84524","targetHints":{"allow":["GET"]}}],"collection":[{"href":"https:\/\/labestiapolitica.com.mx\/index.php?rest_route=\/wp\/v2\/posts"}],"about":[{"href":"https:\/\/labestiapolitica.com.mx\/index.php?rest_route=\/wp\/v2\/types\/post"}],"author":[{"embeddable":true,"href":"https:\/\/labestiapolitica.com.mx\/index.php?rest_route=\/wp\/v2\/users\/3"}],"replies":[{"embeddable":true,"href":"https:\/\/labestiapolitica.com.mx\/index.php?rest_route=%2Fwp%2Fv2%2Fcomments&post=84524"}],"version-history":[{"count":1,"href":"https:\/\/labestiapolitica.com.mx\/index.php?rest_route=\/wp\/v2\/posts\/84524\/revisions"}],"predecessor-version":[{"id":84529,"href":"https:\/\/labestiapolitica.com.mx\/index.php?rest_route=\/wp\/v2\/posts\/84524\/revisions\/84529"}],"wp:featuredmedia":[{"embeddable":true,"href":"https:\/\/labestiapolitica.com.mx\/index.php?rest_route=\/wp\/v2\/media\/84528"}],"wp:attachment":[{"href":"https:\/\/labestiapolitica.com.mx\/index.php?rest_route=%2Fwp%2Fv2%2Fmedia&parent=84524"}],"wp:term":[{"taxonomy":"category","embeddable":true,"href":"https:\/\/labestiapolitica.com.mx\/index.php?rest_route=%2Fwp%2Fv2%2Fcategories&post=84524"},{"taxonomy":"post_tag","embeddable":true,"href":"https:\/\/labestiapolitica.com.mx\/index.php?rest_route=%2Fwp%2Fv2%2Ftags&post=84524"}],"curies":[{"name":"wp","href":"https:\/\/api.w.org\/{rel}","templated":true}]}}