{"id":84530,"date":"2026-09-03T13:51:46","date_gmt":"2026-09-03T19:51:46","guid":{"rendered":"https:\/\/labestiapolitica.com.mx\/?p=84530"},"modified":"2026-09-03T13:51:46","modified_gmt":"2026-09-03T19:51:46","slug":"no-es-un-fracaso-es-el-mundo-marroquin-evade-reconocer-perdida-de-16-mil-empleos-en-tlaxcala","status":"publish","type":"post","link":"https:\/\/labestiapolitica.com.mx\/?p=84530","title":{"rendered":"\u00abNo es un fracaso, es el mundo\u00bb: Marroqu\u00edn evade reconocer p\u00e9rdida de 16 mil empleos en Tlaxcala."},"content":{"rendered":"<p style=\"text-align: justify;\"><em><strong>Mariana LOVERA<\/strong><\/em> | El secretario de Desarrollo Econ\u00f3mico de Tlaxcala, Javier Marroqu\u00edn, evit\u00f3 reconocer la p\u00e9rdida de 16 mil empleos en la entidad durante el \u00faltimo a\u00f1o, pese a que los datos provienen de la Encuesta Nacional de Ocupaci\u00f3n y Empleo (ENOE) del INEGI. En entrevista con este medio, el funcionario desvi\u00f3 la responsabilidad hacia la Secretar\u00eda del Trabajo y justific\u00f3 la crisis econ\u00f3mica por factores globales, mientras la diputada panista Miriam Mart\u00ednez acusa \u00absoberbia\u00bb y \u00abdesconexi\u00f3n\u00bb con la realidad de las familias tlaxcaltecas.<\/p>\n<p style=\"text-align: justify;\">La pol\u00e9mica estall\u00f3 luego de que la diputada local del PAN, Miriam Mart\u00ednez S\u00e1nchez, denunciara que entre el segundo trimestre de 2025 y el mismo periodo de 2026, Tlaxcala pas\u00f3 de 687 mil a 671 mil personas ocupadas, una ca\u00edda de 16 mil empleos, seg\u00fan la ENOE. A ello sum\u00f3 que siete de cada diez trabajadores est\u00e1n en la informalidad y que el 45% de la poblaci\u00f3n ocupada vive condiciones cr\u00edticas, con jornadas excesivas o ingresos insuficiente.<\/p>\n<p style=\"text-align: justify;\">Al ser cuestionado al respecto, Javier Marroqu\u00edn respondi\u00f3 con evasivas. Primero, remiti\u00f3 a la diputada a la Secretar\u00eda de Trabajo y Competitividad, asegurando que ese no es su \u00e1mbito. Luego, al pregunt\u00e1rsele si reconoc\u00eda la p\u00e9rdida de 16 mil empleos, contest\u00f3: \u00abAh\u00ed est\u00e1n las estad\u00edsticas. Yo creo que no es reconocer, nada m\u00e1s es saber la informaci\u00f3n que est\u00e1 circulando\u00bb.<\/p>\n<p style=\"text-align: justify;\">El funcionario descart\u00f3 que sea un \u00abfracaso\u00bb de la pol\u00edtica econ\u00f3mica estatal y argument\u00f3 que \u00abhay que ver el tema geopol\u00edtico, econ\u00f3mico a nivel pa\u00eds. Es el mundo el que est\u00e1 teniendo un tema econ\u00f3mico muy complicado\u00bb. Insisti\u00f3 en que desde su \u00e1rea se trabaja en atracci\u00f3n de inversiones y acompa\u00f1amiento a empresas del Polo de Desarrollo, aunque no present\u00f3 cifras concretas.<\/p>\n<p style=\"text-align: justify;\">Marroqu\u00edn tambi\u00e9n contraatac\u00f3 a la legisladora panista. Revel\u00f3 que sostuvieron una mesa de trabajo previa, pero que \u00abla segunda no le dio seguimiento\u00bb y la acus\u00f3 de usar \u00abtemas en tiempos pol\u00edticos\u00bb.<\/p>\n<p style=\"text-align: justify;\">\u00abInvito a la diputada a que nos sentemos, que tengamos una segunda mesa de trabajo, que nunca me busc\u00f3\u00bb, declar\u00f3<\/p>\n<p style=\"text-align: justify;\">Por su parte, Miriam Mart\u00ednez ya hab\u00eda calificado como \u00abofensivo\u00bb que funcionarios \u00abse conduzcan con soberbia\u00bb y presuman logros mientras \u00abmiles de familias hacen cuentas para llegar a fin de mes\u00bb. La diputada exigi\u00f3 que las pol\u00edticas econ\u00f3micas se enfoquen en empleo formal, apoyo a PyMEs y cr\u00e9ditos para emprendedores, y sentenci\u00f3: \u00abTlaxcala no necesita funcionarios de paso\u00bb.<\/p>\n","protected":false},"excerpt":{"rendered":"<p>Mariana LOVERA | El secretario de Desarrollo Econ\u00f3mico de Tlaxcala, Javier Marroqu\u00edn, evit\u00f3 reconocer la p\u00e9rdida de 16 mil empleos en la entidad durante el \u00faltimo a\u00f1o, pese a que los datos provienen de la Encuesta Nacional de Ocupaci\u00f3n y Empleo (ENOE) del INEGI. En entrevista con este medio, el funcionario desvi\u00f3 la responsabilidad hacia [&hellip;]<\/p>\n","protected":false},"author":6,"featured_media":84531,"comment_status":"open","ping_status":"open","sticky":false,"template":"","format":"standard","meta":{"footnotes":""},"categories":[3,256,247],"tags":[],"class_list":["post-84530","post","type-post","status-publish","format-standard","has-post-thumbnail","hentry","category-8-columnas","category-economia","category-politica"],"amp_enabled":true,"_links":{"self":[{"href":"https:\/\/labestiapolitica.com.mx\/index.php?rest_route=\/wp\/v2\/posts\/84530","targetHints":{"allow":["GET"]}}],"collection":[{"href":"https:\/\/labestiapolitica.com.mx\/index.php?rest_route=\/wp\/v2\/posts"}],"about":[{"href":"https:\/\/labestiapolitica.com.mx\/index.php?rest_route=\/wp\/v2\/types\/post"}],"author":[{"embeddable":true,"href":"https:\/\/labestiapolitica.com.mx\/index.php?rest_route=\/wp\/v2\/users\/6"}],"replies":[{"embeddable":true,"href":"https:\/\/labestiapolitica.com.mx\/index.php?rest_route=%2Fwp%2Fv2%2Fcomments&post=84530"}],"version-history":[{"count":1,"href":"https:\/\/labestiapolitica.com.mx\/index.php?rest_route=\/wp\/v2\/posts\/84530\/revisions"}],"predecessor-version":[{"id":84532,"href":"https:\/\/labestiapolitica.com.mx\/index.php?rest_route=\/wp\/v2\/posts\/84530\/revisions\/84532"}],"wp:featuredmedia":[{"embeddable":true,"href":"https:\/\/labestiapolitica.com.mx\/index.php?rest_route=\/wp\/v2\/media\/84531"}],"wp:attachment":[{"href":"https:\/\/labestiapolitica.com.mx\/index.php?rest_route=%2Fwp%2Fv2%2Fmedia&parent=84530"}],"wp:term":[{"taxonomy":"category","embeddable":true,"href":"https:\/\/labestiapolitica.com.mx\/index.php?rest_route=%2Fwp%2Fv2%2Fcategories&post=84530"},{"taxonomy":"post_tag","embeddable":true,"href":"https:\/\/labestiapolitica.com.mx\/index.php?rest_route=%2Fwp%2Fv2%2Ftags&post=84530"}],"curies":[{"name":"wp","href":"https:\/\/api.w.org\/{rel}","templated":true}]}}