{"id":84533,"date":"2026-09-03T14:00:40","date_gmt":"2026-09-03T20:00:40","guid":{"rendered":"https:\/\/labestiapolitica.com.mx\/?p=84533"},"modified":"2026-09-03T14:00:40","modified_gmt":"2026-09-03T20:00:40","slug":"se-suma-laura-flores-a-toktli-para-conmemorar-el-dia-mundial-de-la-limpieza-en-tlaxcala","status":"publish","type":"post","link":"https:\/\/labestiapolitica.com.mx\/?p=84533","title":{"rendered":"Se suma Laura Flores a Toktli para conmemorar el D\u00eda Mundial de la Limpieza en Tlaxcala."},"content":{"rendered":"<ul>\n<li style=\"text-align: justify;\"><strong>La legisladora se suma como aliada a las actividades encabezadas por Grupo Toktli y Hilda Margarita Castro Cuamatzi<\/strong><\/li>\n<li style=\"text-align: justify;\"><strong>El programa contempla el Octavo Colillat\u00f3n Estatal Tlaxcala 2026 y EcoCanjea Edici\u00f3n Especial 2026<\/strong><\/li>\n<\/ul>\n<p style=\"text-align: justify;\">Tlaxcala, Tlax.- Con el objetivo de sumar esfuerzos a favor del medio ambiente y promover una mayor participaci\u00f3n ciudadana, la diputada local <strong>Laura Flores Lozano<\/strong> se suma como aliada a <strong>Grupo Toktli<\/strong> para conmemorar en Tlaxcala el <strong>D\u00eda Mundial de la Limpieza 2026<\/strong>.<\/p>\n<p style=\"text-align: justify;\">La legisladora acompa\u00f1ar\u00e1 las acciones impulsadas por Grupo Toktli y la maestra <strong>Hilda Margarita Castro Cuamatzi, l\u00edder estatal de World Cleanup Day M\u00e9xico<\/strong>, quienes dieron a conocer el programa de actividades que se desarrollar\u00e1 en la entidad con la participaci\u00f3n de organizaciones, colectivos, emprendimientos y ciudadan\u00eda.<\/p>\n<p style=\"text-align: justify;\">Entre las principales actividades se encuentra el <strong>Octavo Colillat\u00f3n Estatal Tlaxcala 2026<\/strong>, una iniciativa que busca generar conciencia sobre la contaminaci\u00f3n ocasionada por las colillas de cigarro y promover la participaci\u00f3n de la poblaci\u00f3n en su recolecci\u00f3n y disposici\u00f3n responsable.<\/p>\n<p style=\"text-align: justify;\">Asimismo, se realizar\u00e1 <strong>EcoCanjea Edici\u00f3n Especial 2026<\/strong>, una jornada de educaci\u00f3n ambiental, econom\u00eda circular y participaci\u00f3n ciudadana que reunir\u00e1 a emprendimientos, organizaciones, colectivos, talleristas y ciudadan\u00eda en general.<\/p>\n<p style=\"text-align: justify;\">La jornada contar\u00e1 con diferentes actividades de aprendizaje, participaci\u00f3n y colaboraci\u00f3n, adem\u00e1s de espacios para compartir experiencias y promover acciones que puedan incorporarse a la vida cotidiana para reducir el impacto ambiental.<\/p>\n<p style=\"text-align: justify;\">Como parte del programa, las actividades culminar\u00e1n con la proyecci\u00f3n de la pel\u00edcula <strong>\u201cLa Reserva\u201d<\/strong>, con la finalidad de generar un espacio de reflexi\u00f3n sobre la protecci\u00f3n de los recursos naturales y la responsabilidad colectiva en el cuidado del planeta.<\/p>\n<p style=\"text-align: justify;\">El <strong>D\u00eda Mundial de la Limpieza (World Cleanup Day)<\/strong> es una movilizaci\u00f3n internacional que convoca a millones de personas alrededor del mundo para realizar acciones de limpieza y, principalmente, generar conciencia sobre la problem\u00e1tica de los residuos y la importancia de modificar h\u00e1bitos de consumo y disposici\u00f3n.<\/p>\n<p style=\"text-align: justify;\">Laura Flores destac\u00f3 la importancia de acompa\u00f1ar las iniciativas que nacen desde la sociedad civil y que buscan generar beneficios colectivos, al considerar que la protecci\u00f3n del medio ambiente requiere de la participaci\u00f3n de autoridades, organizaciones y ciudadan\u00eda.<\/p>\n<p style=\"text-align: justify;\">\u201cLas grandes transformaciones tambi\u00e9n comienzan desde nuestra comunidad. Sumarnos, participar y cambiar peque\u00f1os h\u00e1bitos puede hacer una diferencia importante para cuidar el lugar en el que vivimos\u201d, se\u00f1al\u00f3.<\/p>\n<p style=\"text-align: justify;\">Con esta suma de esfuerzos, <strong>Toktli, World Cleanup Day M\u00e9xico, Laura Flores y los diferentes aliados participantes<\/strong> buscan que la conmemoraci\u00f3n trascienda una sola jornada y contribuya a fortalecer una cultura de responsabilidad ambiental y participaci\u00f3n ciudadana en Tlaxcala.<\/p>\n<p>&nbsp;<\/p>\n<p><img loading=\"lazy\" decoding=\"async\" class=\"aligncenter wp-image-79046 size-large\" src=\"https:\/\/labestiapolitica.com.mx\/wp-content\/uploads\/2026\/07\/AJ-uni-819x1024.jpeg\" alt=\"\" width=\"640\" height=\"800\" srcset=\"https:\/\/labestiapolitica.com.mx\/wp-content\/uploads\/2026\/07\/AJ-uni-819x1024.jpeg 819w, https:\/\/labestiapolitica.com.mx\/wp-content\/uploads\/2026\/07\/AJ-uni-240x300.jpeg 240w, https:\/\/labestiapolitica.com.mx\/wp-content\/uploads\/2026\/07\/AJ-uni-768x960.jpeg 768w, https:\/\/labestiapolitica.com.mx\/wp-content\/uploads\/2026\/07\/AJ-uni.jpeg 1080w\" sizes=\"auto, (max-width: 640px) 100vw, 640px\" \/><\/p>\n","protected":false},"excerpt":{"rendered":"<p>La legisladora se suma como aliada a las actividades encabezadas por Grupo Toktli y Hilda Margarita Castro Cuamatzi El programa contempla el Octavo Colillat\u00f3n Estatal Tlaxcala 2026 y EcoCanjea Edici\u00f3n Especial 2026 Tlaxcala, Tlax.- Con el objetivo de sumar esfuerzos a favor del medio ambiente y promover una mayor participaci\u00f3n ciudadana, la diputada local Laura [&hellip;]<\/p>\n","protected":false},"author":5,"featured_media":84534,"comment_status":"open","ping_status":"open","sticky":false,"template":"","format":"standard","meta":{"footnotes":""},"categories":[7],"tags":[],"class_list":["post-84533","post","type-post","status-publish","format-standard","has-post-thumbnail","hentry","category-ciudadanos"],"amp_enabled":true,"_links":{"self":[{"href":"https:\/\/labestiapolitica.com.mx\/index.php?rest_route=\/wp\/v2\/posts\/84533","targetHints":{"allow":["GET"]}}],"collection":[{"href":"https:\/\/labestiapolitica.com.mx\/index.php?rest_route=\/wp\/v2\/posts"}],"about":[{"href":"https:\/\/labestiapolitica.com.mx\/index.php?rest_route=\/wp\/v2\/types\/post"}],"author":[{"embeddable":true,"href":"https:\/\/labestiapolitica.com.mx\/index.php?rest_route=\/wp\/v2\/users\/5"}],"replies":[{"embeddable":true,"href":"https:\/\/labestiapolitica.com.mx\/index.php?rest_route=%2Fwp%2Fv2%2Fcomments&post=84533"}],"version-history":[{"count":1,"href":"https:\/\/labestiapolitica.com.mx\/index.php?rest_route=\/wp\/v2\/posts\/84533\/revisions"}],"predecessor-version":[{"id":84535,"href":"https:\/\/labestiapolitica.com.mx\/index.php?rest_route=\/wp\/v2\/posts\/84533\/revisions\/84535"}],"wp:featuredmedia":[{"embeddable":true,"href":"https:\/\/labestiapolitica.com.mx\/index.php?rest_route=\/wp\/v2\/media\/84534"}],"wp:attachment":[{"href":"https:\/\/labestiapolitica.com.mx\/index.php?rest_route=%2Fwp%2Fv2%2Fmedia&parent=84533"}],"wp:term":[{"taxonomy":"category","embeddable":true,"href":"https:\/\/labestiapolitica.com.mx\/index.php?rest_route=%2Fwp%2Fv2%2Fcategories&post=84533"},{"taxonomy":"post_tag","embeddable":true,"href":"https:\/\/labestiapolitica.com.mx\/index.php?rest_route=%2Fwp%2Fv2%2Ftags&post=84533"}],"curies":[{"name":"wp","href":"https:\/\/api.w.org\/{rel}","templated":true}]}}