{"id":84536,"date":"2026-09-03T14:11:47","date_gmt":"2026-09-03T20:11:47","guid":{"rendered":"https:\/\/labestiapolitica.com.mx\/?p=84536"},"modified":"2026-09-03T14:11:47","modified_gmt":"2026-09-03T20:11:47","slug":"vicente-morales-respalda-a-claudia-sheinbaum-pero-pide-no-dar-por-terminados-los-problemas-del-pais","status":"publish","type":"post","link":"https:\/\/labestiapolitica.com.mx\/?p=84536","title":{"rendered":"Vicente Morales respalda a Claudia Sheinbaum, pero pide no dar por terminados los problemas del pa\u00eds."},"content":{"rendered":"<ul>\n<li style=\"text-align: justify;\">El diputado de Morena reconoci\u00f3 los avances expuestos en el segundo informe presidencial, aunque advirti\u00f3 que a\u00fan existen pendientes por resolver.<\/li>\n<\/ul>\n<p style=\"text-align: justify;\"><em><strong>Daniel Angulo<\/strong><\/em> | Desde la tribuna del Congreso de Tlaxcala, el diputado de Morena, Vicente Morales P\u00e9rez, expres\u00f3 su respaldo a la presidenta Claudia Sheinbaum Pardo y a los resultados presentados en su segundo informe de gobierno, pero sostuvo que la transformaci\u00f3n no puede limitarse a reconocer avances, sino que debe atender tambi\u00e9n los problemas que permanecen.<\/p>\n<p style=\"text-align: justify;\">El legislador se\u00f1al\u00f3 que un gobierno debe ser evaluado por sus resultados y por su capacidad para escuchar y corregir, por lo que consider\u00f3 que el informe presidencial no debe verse \u00fanicamente como un ejercicio constitucional, sino como un balance de lo que se ha hecho y de lo que a\u00fan falta por resolver.<\/p>\n<p style=\"text-align: justify;\">Morales P\u00e9rez destac\u00f3 los programas sociales impulsados por el gobierno federal, al considerar que representan derechos para adultos mayores, mujeres, estudiantes, personas con discapacidad y familias, y no concesiones o favores.<\/p>\n<p style=\"text-align: justify;\">Sin embargo, reconoci\u00f3 que M\u00e9xico todav\u00eda enfrenta retos importantes en seguridad, salud, educaci\u00f3n, desigualdad, acceso al agua, medio ambiente, oportunidades para j\u00f3venes y productividad del campo, entre otros.<\/p>\n<p style=\"text-align: justify;\">\u201cNo quiero decir que el trabajo est\u00e1 terminado, sino diciendo que debemos trabajar m\u00e1s\u201d, sostuvo el diputado, quien llam\u00f3 a mantener la cercan\u00eda con la poblaci\u00f3n y escuchar tambi\u00e9n las voces de quienes piensan distinto.<\/p>\n<p style=\"text-align: justify;\">El morenista tambi\u00e9n destac\u00f3 la llegada de una mujer a la presidencia de M\u00e9xico como un cambio hist\u00f3rico y consider\u00f3 que la administraci\u00f3n de Sheinbaum Pardo representa una oportunidad para que ni\u00f1as y j\u00f3venes vean que no existen l\u00edmites para ocupar espacios de responsabilidad p\u00fablica.<\/p>\n<p style=\"text-align: justify;\">Finalmente, afirm\u00f3 que la transformaci\u00f3n debe mantenerse con responsabilidad, di\u00e1logo, soberan\u00eda y bienestar social, al considerar que un gobierno que escucha y corrige no retrocede, sino que fortalece su legitimidad.<\/p>\n","protected":false},"excerpt":{"rendered":"<p>El diputado de Morena reconoci\u00f3 los avances expuestos en el segundo informe presidencial, aunque advirti\u00f3 que a\u00fan existen pendientes por resolver. Daniel Angulo | Desde la tribuna del Congreso de Tlaxcala, el diputado de Morena, Vicente Morales P\u00e9rez, expres\u00f3 su respaldo a la presidenta Claudia Sheinbaum Pardo y a los resultados presentados en su segundo [&hellip;]<\/p>\n","protected":false},"author":5,"featured_media":84537,"comment_status":"open","ping_status":"open","sticky":false,"template":"","format":"standard","meta":{"footnotes":""},"categories":[3,247],"tags":[],"class_list":["post-84536","post","type-post","status-publish","format-standard","has-post-thumbnail","hentry","category-8-columnas","category-politica"],"amp_enabled":true,"_links":{"self":[{"href":"https:\/\/labestiapolitica.com.mx\/index.php?rest_route=\/wp\/v2\/posts\/84536","targetHints":{"allow":["GET"]}}],"collection":[{"href":"https:\/\/labestiapolitica.com.mx\/index.php?rest_route=\/wp\/v2\/posts"}],"about":[{"href":"https:\/\/labestiapolitica.com.mx\/index.php?rest_route=\/wp\/v2\/types\/post"}],"author":[{"embeddable":true,"href":"https:\/\/labestiapolitica.com.mx\/index.php?rest_route=\/wp\/v2\/users\/5"}],"replies":[{"embeddable":true,"href":"https:\/\/labestiapolitica.com.mx\/index.php?rest_route=%2Fwp%2Fv2%2Fcomments&post=84536"}],"version-history":[{"count":1,"href":"https:\/\/labestiapolitica.com.mx\/index.php?rest_route=\/wp\/v2\/posts\/84536\/revisions"}],"predecessor-version":[{"id":84538,"href":"https:\/\/labestiapolitica.com.mx\/index.php?rest_route=\/wp\/v2\/posts\/84536\/revisions\/84538"}],"wp:featuredmedia":[{"embeddable":true,"href":"https:\/\/labestiapolitica.com.mx\/index.php?rest_route=\/wp\/v2\/media\/84537"}],"wp:attachment":[{"href":"https:\/\/labestiapolitica.com.mx\/index.php?rest_route=%2Fwp%2Fv2%2Fmedia&parent=84536"}],"wp:term":[{"taxonomy":"category","embeddable":true,"href":"https:\/\/labestiapolitica.com.mx\/index.php?rest_route=%2Fwp%2Fv2%2Fcategories&post=84536"},{"taxonomy":"post_tag","embeddable":true,"href":"https:\/\/labestiapolitica.com.mx\/index.php?rest_route=%2Fwp%2Fv2%2Ftags&post=84536"}],"curies":[{"name":"wp","href":"https:\/\/api.w.org\/{rel}","templated":true}]}}