{"id":84539,"date":"2026-09-03T14:19:05","date_gmt":"2026-09-03T20:19:05","guid":{"rendered":"https:\/\/labestiapolitica.com.mx\/?p=84539"},"modified":"2026-09-03T14:19:05","modified_gmt":"2026-09-03T20:19:05","slug":"tlaltelulco-presente-en-la-feria-tlaxcala-2026-la-flor-tlaxcalteca","status":"publish","type":"post","link":"https:\/\/labestiapolitica.com.mx\/?p=84539","title":{"rendered":"Tlaltelulco presente en la Feria Tlaxcala 2026 \u201cLa Flor Tlaxcalteca\u201d."},"content":{"rendered":"<p style=\"text-align: justify;\">El Gobierno Municipal informa con orgullo a la ciudadan\u00eda que Yenny Lizveth Mendieta Quiroz, joven de 22 a\u00f1os, Licenciada en Dise\u00f1o Textil y orgullosamente originaria del Barrio de Calnahuac, representa a nuestro municipio como candidata a Reina de la Feria Tlaxcala 2026 \u201cLa Flor Tlaxcalteca\u201d.<\/p>\n<p style=\"text-align: justify;\">Con esta participaci\u00f3n, La Magdalena Tlaltelulco se hace presente en una de las celebraciones m\u00e1s importantes de nuestro estado, llevando consigo la identidad, cultura, historia y tradiciones que distinguen a nuestra tierra.<\/p>\n<p style=\"text-align: justify;\">Yenny ha compartido que ser originaria de Tlaltelulco y ser tlaxcalteca representa para ella un motivo de profundo orgullo, adem\u00e1s de que desde ni\u00f1a ha tenido el sue\u00f1o de representar a nuestro estado y compartir con orgullo nuestras ra\u00edces.<\/p>\n<p style=\"text-align: justify;\">El Gobierno Municipal reconoce su entusiasmo, dedicaci\u00f3n y amor por su municipio, y hace extensiva la invitaci\u00f3n a toda la ciudadan\u00eda para apoyarla y acompa\u00f1arla en este importante camino.<\/p>\n<p style=\"text-align: justify;\">Desde La Magdalena Tlaltelulco le deseamos el mayor de los \u00e9xitos a Yenny Lizveth Mendieta Quiroz, con la esperanza de que pueda alcanzar este sue\u00f1o y tener el honor de representar a Tlaxcala como Reina de la Feria Tlaxcala 2026.<\/p>\n<p>&nbsp;<\/p>\n<p><img loading=\"lazy\" decoding=\"async\" class=\"aligncenter wp-image-79046 size-large\" src=\"https:\/\/labestiapolitica.com.mx\/wp-content\/uploads\/2026\/07\/AJ-uni-819x1024.jpeg\" alt=\"\" width=\"640\" height=\"800\" srcset=\"https:\/\/labestiapolitica.com.mx\/wp-content\/uploads\/2026\/07\/AJ-uni-819x1024.jpeg 819w, https:\/\/labestiapolitica.com.mx\/wp-content\/uploads\/2026\/07\/AJ-uni-240x300.jpeg 240w, https:\/\/labestiapolitica.com.mx\/wp-content\/uploads\/2026\/07\/AJ-uni-768x960.jpeg 768w, https:\/\/labestiapolitica.com.mx\/wp-content\/uploads\/2026\/07\/AJ-uni.jpeg 1080w\" sizes=\"auto, (max-width: 640px) 100vw, 640px\" \/><\/p>\n","protected":false},"excerpt":{"rendered":"<p>El Gobierno Municipal informa con orgullo a la ciudadan\u00eda que Yenny Lizveth Mendieta Quiroz, joven de 22 a\u00f1os, Licenciada en Dise\u00f1o Textil y orgullosamente originaria del Barrio de Calnahuac, representa a nuestro municipio como candidata a Reina de la Feria Tlaxcala 2026 \u201cLa Flor Tlaxcalteca\u201d. Con esta participaci\u00f3n, La Magdalena Tlaltelulco se hace presente en [&hellip;]<\/p>\n","protected":false},"author":5,"featured_media":84540,"comment_status":"open","ping_status":"open","sticky":false,"template":"","format":"standard","meta":{"footnotes":""},"categories":[218,216],"tags":[],"class_list":["post-84539","post","type-post","status-publish","format-standard","has-post-thumbnail","hentry","category-la-magdalena-tlaltelulco","category-municipios"],"amp_enabled":true,"_links":{"self":[{"href":"https:\/\/labestiapolitica.com.mx\/index.php?rest_route=\/wp\/v2\/posts\/84539","targetHints":{"allow":["GET"]}}],"collection":[{"href":"https:\/\/labestiapolitica.com.mx\/index.php?rest_route=\/wp\/v2\/posts"}],"about":[{"href":"https:\/\/labestiapolitica.com.mx\/index.php?rest_route=\/wp\/v2\/types\/post"}],"author":[{"embeddable":true,"href":"https:\/\/labestiapolitica.com.mx\/index.php?rest_route=\/wp\/v2\/users\/5"}],"replies":[{"embeddable":true,"href":"https:\/\/labestiapolitica.com.mx\/index.php?rest_route=%2Fwp%2Fv2%2Fcomments&post=84539"}],"version-history":[{"count":1,"href":"https:\/\/labestiapolitica.com.mx\/index.php?rest_route=\/wp\/v2\/posts\/84539\/revisions"}],"predecessor-version":[{"id":84541,"href":"https:\/\/labestiapolitica.com.mx\/index.php?rest_route=\/wp\/v2\/posts\/84539\/revisions\/84541"}],"wp:featuredmedia":[{"embeddable":true,"href":"https:\/\/labestiapolitica.com.mx\/index.php?rest_route=\/wp\/v2\/media\/84540"}],"wp:attachment":[{"href":"https:\/\/labestiapolitica.com.mx\/index.php?rest_route=%2Fwp%2Fv2%2Fmedia&parent=84539"}],"wp:term":[{"taxonomy":"category","embeddable":true,"href":"https:\/\/labestiapolitica.com.mx\/index.php?rest_route=%2Fwp%2Fv2%2Fcategories&post=84539"},{"taxonomy":"post_tag","embeddable":true,"href":"https:\/\/labestiapolitica.com.mx\/index.php?rest_route=%2Fwp%2Fv2%2Ftags&post=84539"}],"curies":[{"name":"wp","href":"https:\/\/api.w.org\/{rel}","templated":true}]}}