{"id":84545,"date":"2026-09-03T14:33:54","date_gmt":"2026-09-03T20:33:54","guid":{"rendered":"https:\/\/labestiapolitica.com.mx\/?p=84545"},"modified":"2026-09-03T14:33:54","modified_gmt":"2026-09-03T20:33:54","slug":"academia-de-formacion-policial-municipal-la-propuesta-de-miriam-martinez-en-la-agenda-legislativa","status":"publish","type":"post","link":"https:\/\/labestiapolitica.com.mx\/?p=84545","title":{"rendered":"Academia de Formaci\u00f3n Policial Municipal: la propuesta de Miriam Mart\u00ednez en la Agenda Legislativa."},"content":{"rendered":"<p style=\"text-align: justify;\">La iniciativa, construida y respaldada por expertos como el Maestro Raymundo Fragoso Mu\u00f1oz, busca terminar con la improvisaci\u00f3n y profesionalizar a las polic\u00edas municipales de Tlaxcala.<\/p>\n<p style=\"text-align: justify;\">La seguridad no puede depender de la improvisaci\u00f3n. Por ello, la diputada local Miriam Mart\u00ednez S\u00e1nchez incorporar\u00e1 a su Agenda Legislativa la propuesta para crear una Academia de Formaci\u00f3n Policial Municipal, como una alternativa para fortalecer desde los municipios la profesionalizaci\u00f3n de quienes tienen la responsabilidad de proteger a las familias tlaxcaltecas.<\/p>\n<p style=\"text-align: justify;\">La propuesta ha sido construida a partir del di\u00e1logo y an\u00e1lisis con especialistas en materia de seguridad, entre ellos el Maestro Raymundo Fragoso Mu\u00f1oz, quien reconoci\u00f3 la importancia de establecer mecanismos de formaci\u00f3n, evaluaci\u00f3n y profesionalizaci\u00f3n para los cuerpos policiales municipales.<\/p>\n<p style=\"text-align: justify;\">Durante la presentaci\u00f3n de la agenda en materia de seguridad, Fragoso Mu\u00f1oz advirti\u00f3 que uno de los principales retos que enfrentan los municipios es la incorporaci\u00f3n de elementos sin la preparaci\u00f3n necesaria o sin haber acreditado los controles correspondientes.<\/p>\n<p style=\"text-align: justify;\">\u201cMuchos municipios, por compromisos pol\u00edticos, incorporan polic\u00edas sin estar capacitados. Es urgente contar con academias municipales donde los aspirantes se formen antes de integrarse a una corporaci\u00f3n\u201d, se\u00f1al\u00f3.<\/p>\n<p style=\"text-align: justify;\">Ante esta realidad, la propuesta plantea que quienes aspiren a formar parte de una corporaci\u00f3n municipal ingresen inicialmente como cadetes, reciban formaci\u00f3n especializada y acrediten las evaluaciones correspondientes antes de incorporarse formalmente a las tareas de seguridad.<\/p>\n<p style=\"text-align: justify;\">El objetivo es que los ayuntamientos cuenten con polic\u00edas mejor preparados, evaluados y certificados, con conocimientos t\u00e9cnicos y herramientas para desempe\u00f1ar adecuadamente una funci\u00f3n que requiere disciplina, preparaci\u00f3n y vocaci\u00f3n de servicio.<\/p>\n<p style=\"text-align: justify;\">La iniciativa contempla que las Academias de Formaci\u00f3n Policial Municipal puedan operar bajo distintos esquemas, de acuerdo con las capacidades de cada regi\u00f3n: municipales, regionales o intermunicipales.<\/p>\n<p style=\"text-align: justify;\">Esto permitir\u00eda compartir instalaciones, instructores, equipamiento y recursos, evitando la creaci\u00f3n de 60 academias independientes o de estructuras burocr\u00e1ticas paralelas.<\/p>\n<p style=\"text-align: justify;\">La propuesta tambi\u00e9n busca establecer est\u00e1ndares comunes de formaci\u00f3n y capacitaci\u00f3n continua en materias como uso leg\u00edtimo de la fuerza, leg\u00edtima defensa, proximidad social, justicia c\u00edvica, prevenci\u00f3n del delito, atenci\u00f3n a v\u00edctimas y derechos humanos.<\/p>\n<p style=\"text-align: justify;\">Fragoso Mu\u00f1oz destac\u00f3 que las diferencias presupuestales entre los municipios tambi\u00e9n representan un reto para la profesionalizaci\u00f3n policial, adem\u00e1s de contribuir a la rotaci\u00f3n constante de elementos que buscan mejores condiciones laborales.<\/p>\n<p style=\"text-align: justify;\">\u201cLos polic\u00edas municipales son el rostro m\u00e1s cercano de la autoridad; son los primeros en llegar cuando una familia necesita auxilio\u201d, afirm\u00f3.<\/p>\n<p style=\"text-align: justify;\">Por su parte, la diputada Miriam Mart\u00ednez sostuvo que fortalecer la seguridad implica atender el problema desde su origen y construir instituciones municipales con capacidad para responder a las necesidades reales de la poblaci\u00f3n.<\/p>\n<p style=\"text-align: justify;\">La propuesta de Academia de Formaci\u00f3n Policial Municipal forma parte de las iniciativas que la legisladora llevar\u00e1 al Congreso del Estado de Tlaxcala dentro de su Agenda Legislativa, con el prop\u00f3sito de avanzar hacia un modelo de seguridad basado en la profesionalizaci\u00f3n, la prevenci\u00f3n, la coordinaci\u00f3n y la rendici\u00f3n de cuentas.<\/p>\n<p style=\"text-align: justify;\">\u201cLa seguridad comienza en nuestras comunidades y ah\u00ed debe iniciar tambi\u00e9n la profesionalizaci\u00f3n de quienes tienen la responsabilidad de cuidarlas\u201d, concluy\u00f3 Fragoso Mu\u00f1oz.<\/p>\n<p>&nbsp;<\/p>\n<p><img loading=\"lazy\" decoding=\"async\" class=\"aligncenter wp-image-79046 size-large\" src=\"https:\/\/labestiapolitica.com.mx\/wp-content\/uploads\/2026\/07\/AJ-uni-819x1024.jpeg\" alt=\"\" width=\"640\" height=\"800\" srcset=\"https:\/\/labestiapolitica.com.mx\/wp-content\/uploads\/2026\/07\/AJ-uni-819x1024.jpeg 819w, https:\/\/labestiapolitica.com.mx\/wp-content\/uploads\/2026\/07\/AJ-uni-240x300.jpeg 240w, https:\/\/labestiapolitica.com.mx\/wp-content\/uploads\/2026\/07\/AJ-uni-768x960.jpeg 768w, https:\/\/labestiapolitica.com.mx\/wp-content\/uploads\/2026\/07\/AJ-uni.jpeg 1080w\" sizes=\"auto, (max-width: 640px) 100vw, 640px\" \/><\/p>\n","protected":false},"excerpt":{"rendered":"<p>La iniciativa, construida y respaldada por expertos como el Maestro Raymundo Fragoso Mu\u00f1oz, busca terminar con la improvisaci\u00f3n y profesionalizar a las polic\u00edas municipales de Tlaxcala. La seguridad no puede depender de la improvisaci\u00f3n. Por ello, la diputada local Miriam Mart\u00ednez S\u00e1nchez incorporar\u00e1 a su Agenda Legislativa la propuesta para crear una Academia de Formaci\u00f3n [&hellip;]<\/p>\n","protected":false},"author":5,"featured_media":84546,"comment_status":"open","ping_status":"open","sticky":false,"template":"","format":"standard","meta":{"footnotes":""},"categories":[248,264,247],"tags":[],"class_list":["post-84545","post","type-post","status-publish","format-standard","has-post-thumbnail","hentry","category-pan","category-partidos-politicos","category-politica"],"amp_enabled":true,"_links":{"self":[{"href":"https:\/\/labestiapolitica.com.mx\/index.php?rest_route=\/wp\/v2\/posts\/84545","targetHints":{"allow":["GET"]}}],"collection":[{"href":"https:\/\/labestiapolitica.com.mx\/index.php?rest_route=\/wp\/v2\/posts"}],"about":[{"href":"https:\/\/labestiapolitica.com.mx\/index.php?rest_route=\/wp\/v2\/types\/post"}],"author":[{"embeddable":true,"href":"https:\/\/labestiapolitica.com.mx\/index.php?rest_route=\/wp\/v2\/users\/5"}],"replies":[{"embeddable":true,"href":"https:\/\/labestiapolitica.com.mx\/index.php?rest_route=%2Fwp%2Fv2%2Fcomments&post=84545"}],"version-history":[{"count":1,"href":"https:\/\/labestiapolitica.com.mx\/index.php?rest_route=\/wp\/v2\/posts\/84545\/revisions"}],"predecessor-version":[{"id":84547,"href":"https:\/\/labestiapolitica.com.mx\/index.php?rest_route=\/wp\/v2\/posts\/84545\/revisions\/84547"}],"wp:featuredmedia":[{"embeddable":true,"href":"https:\/\/labestiapolitica.com.mx\/index.php?rest_route=\/wp\/v2\/media\/84546"}],"wp:attachment":[{"href":"https:\/\/labestiapolitica.com.mx\/index.php?rest_route=%2Fwp%2Fv2%2Fmedia&parent=84545"}],"wp:term":[{"taxonomy":"category","embeddable":true,"href":"https:\/\/labestiapolitica.com.mx\/index.php?rest_route=%2Fwp%2Fv2%2Fcategories&post=84545"},{"taxonomy":"post_tag","embeddable":true,"href":"https:\/\/labestiapolitica.com.mx\/index.php?rest_route=%2Fwp%2Fv2%2Ftags&post=84545"}],"curies":[{"name":"wp","href":"https:\/\/api.w.org\/{rel}","templated":true}]}}