{"id":84548,"date":"2026-09-03T15:06:44","date_gmt":"2026-09-03T21:06:44","guid":{"rendered":"https:\/\/labestiapolitica.com.mx\/?p=84548"},"modified":"2026-09-03T17:07:43","modified_gmt":"2026-09-03T23:07:43","slug":"denuncia-christian-vaslaf-santacruz-campana-negra-contra-ana-lilia-rivera-pero-admite-que-no-tiene-pruebas","status":"publish","type":"post","link":"https:\/\/labestiapolitica.com.mx\/?p=84548","title":{"rendered":"Denuncia Christian Vaslaf Santacruz \u201ccampa\u00f1a negra\u201d contra Ana Lilia Rivera, pero admite que no tiene pruebas."},"content":{"rendered":"<ul>\n<li style=\"text-align: justify;\">El abogado se\u00f1al\u00f3 que el golpeteo podr\u00eda provenir tanto de la oposici\u00f3n como de grupos internos de Morena; evit\u00f3 responsabilizar directamente a alguno de los aspirantes.<\/li>\n<\/ul>\n<p style=\"text-align: justify;\"><em><strong>Mariana LOVERA<\/strong><\/em> | En una conferencia de prensa en la que ex presidentes de comunidad manifestaron su respaldo a las aspiraciones de la senadora con licencia Ana Lilia Rivera Rivera, el abogado Christian Vaslaf Santacruz Montealegre denunci\u00f3 la existencia de una presunta \u201ccampa\u00f1a negra\u201d para desprestigiarla, aunque reconoci\u00f3 que no cuenta con pruebas para identificar a los responsables.<\/p>\n<p style=\"text-align: justify;\">Santacruz Montealegre asegur\u00f3 que existir\u00eda un intento de perjudicar las aspiraciones de Rivera Rivera para convertirse en coordinadora estatal de los Comit\u00e9s de Defensa de la Cuarta Transformaci\u00f3n y de la Soberan\u00eda Nacional.<\/p>\n<p style=\"text-align: justify;\">\u201cHay campa\u00f1a negra de desprestigio en contra de la senadora Ana Lilia\u201d, sostuvo, al considerar que se tratar\u00eda de \u201cgolpeteo pol\u00edtico\u201d relacionado con el proceso interno.<\/p>\n<p style=\"text-align: justify;\">Al ser cuestionado por reporteros sobre qui\u00e9n estar\u00eda detr\u00e1s de esa supuesta campa\u00f1a, el abogado se\u00f1al\u00f3 inicialmente que podr\u00eda provenir tanto de sectores opositores como de grupos al interior del propio partido.<\/p>\n<p style=\"text-align: justify;\">\u201cHabr\u00e1 tanto la oposici\u00f3n o habr\u00e1 grupos opositores incluso al interior del propio partido. Habr\u00e1 diversas personas que no tengan deseo de que sea nuestra coordinadora, porque a lo mejor se ven afectados sus propios intereses\u201d, declar\u00f3.<\/p>\n<p style=\"text-align: justify;\">Ante la pregunta directa sobre si el presunto golpeteo podr\u00eda provenir del grupo de Alfonso S\u00e1nchez, Santacruz Montealegre evit\u00f3 responsabilizarlo y record\u00f3 que existen 11 aspirantes a la coordinaci\u00f3n.<\/p>\n<p style=\"text-align: justify;\">\u201cYo creo que esos golpeteos pueden salir de algunos de esos 11 grupos\u201d, respondi\u00f3.<\/p>\n<p style=\"text-align: justify;\">Sin embargo, al ser cuestionado sobre las pruebas que respaldar\u00edan sus se\u00f1alamientos, reconoci\u00f3 que no existen elementos para atribuir directamente la supuesta campa\u00f1a a una persona o grupo espec\u00edfico.<\/p>\n<p style=\"text-align: justify;\">\u201cPoner un se\u00f1alamiento directo de qui\u00e9n es el encargado de articular todos esos golpeteos pol\u00edticos, esa campa\u00f1a negra, yo creo que ser\u00eda un poco falto de objetivo, porque necesitamos ver con pruebas qui\u00e9n ser\u00eda\u201d, expres\u00f3.<\/p>\n<p style=\"text-align: justify;\">Posteriormente, ante la pregunta expresa de si entonces no contaban con pruebas, Santacruz sostuvo que lo observado es que existen sectores de oposici\u00f3n y grupos dentro de Morena que no desean que Rivera Rivera alcance la coordinaci\u00f3n.<\/p>\n<p style=\"text-align: justify;\">Durante la conferencia, el abogado tambi\u00e9n dej\u00f3 abiertas sus propias aspiraciones pol\u00edticas. Al ser cuestionado sobre su intenci\u00f3n de competir por la presidencia municipal, afirm\u00f3 que quienes buscan una transformaci\u00f3n deben participar y reconoci\u00f3 que entre quienes respaldan a Rivera existen personas interesadas en representar comunidades y municipios.<\/p>\n<p style=\"text-align: justify;\">No obstante, asegur\u00f3 que deber\u00e1n esperar las respectivas convocatorias y sostuvo que, por el momento, el objetivo que los re\u00fane es respaldar a Ana Lilia Rivera en el proceso estatal.<\/p>\n<p style=\"text-align: justify;\">\u201cEl apoyo popular es superior a sus deseos\u201d, concluy\u00f3 Santacruz Montealegre al referirse a quienes, seg\u00fan su versi\u00f3n, buscan frenar las aspiraciones de la senadora con licencia.<\/p>\n","protected":false},"excerpt":{"rendered":"<p>El abogado se\u00f1al\u00f3 que el golpeteo podr\u00eda provenir tanto de la oposici\u00f3n como de grupos internos de Morena; evit\u00f3 responsabilizar directamente a alguno de los aspirantes. Mariana LOVERA | En una conferencia de prensa en la que ex presidentes de comunidad manifestaron su respaldo a las aspiraciones de la senadora con licencia Ana Lilia Rivera [&hellip;]<\/p>\n","protected":false},"author":6,"featured_media":84549,"comment_status":"open","ping_status":"open","sticky":false,"template":"","format":"standard","meta":{"footnotes":""},"categories":[3,247],"tags":[],"class_list":["post-84548","post","type-post","status-publish","format-standard","has-post-thumbnail","hentry","category-8-columnas","category-politica"],"amp_enabled":true,"_links":{"self":[{"href":"https:\/\/labestiapolitica.com.mx\/index.php?rest_route=\/wp\/v2\/posts\/84548","targetHints":{"allow":["GET"]}}],"collection":[{"href":"https:\/\/labestiapolitica.com.mx\/index.php?rest_route=\/wp\/v2\/posts"}],"about":[{"href":"https:\/\/labestiapolitica.com.mx\/index.php?rest_route=\/wp\/v2\/types\/post"}],"author":[{"embeddable":true,"href":"https:\/\/labestiapolitica.com.mx\/index.php?rest_route=\/wp\/v2\/users\/6"}],"replies":[{"embeddable":true,"href":"https:\/\/labestiapolitica.com.mx\/index.php?rest_route=%2Fwp%2Fv2%2Fcomments&post=84548"}],"version-history":[{"count":1,"href":"https:\/\/labestiapolitica.com.mx\/index.php?rest_route=\/wp\/v2\/posts\/84548\/revisions"}],"predecessor-version":[{"id":84550,"href":"https:\/\/labestiapolitica.com.mx\/index.php?rest_route=\/wp\/v2\/posts\/84548\/revisions\/84550"}],"wp:featuredmedia":[{"embeddable":true,"href":"https:\/\/labestiapolitica.com.mx\/index.php?rest_route=\/wp\/v2\/media\/84549"}],"wp:attachment":[{"href":"https:\/\/labestiapolitica.com.mx\/index.php?rest_route=%2Fwp%2Fv2%2Fmedia&parent=84548"}],"wp:term":[{"taxonomy":"category","embeddable":true,"href":"https:\/\/labestiapolitica.com.mx\/index.php?rest_route=%2Fwp%2Fv2%2Fcategories&post=84548"},{"taxonomy":"post_tag","embeddable":true,"href":"https:\/\/labestiapolitica.com.mx\/index.php?rest_route=%2Fwp%2Fv2%2Ftags&post=84548"}],"curies":[{"name":"wp","href":"https:\/\/api.w.org\/{rel}","templated":true}]}}