{"id":84551,"date":"2026-09-03T15:13:05","date_gmt":"2026-09-03T21:13:05","guid":{"rendered":"https:\/\/labestiapolitica.com.mx\/?p=84551"},"modified":"2026-09-03T15:13:05","modified_gmt":"2026-09-03T21:13:05","slug":"alfonso-sanchez-suma-al-sector-productivo-de-tlaxco-a-un-proyecto-de-unidad","status":"publish","type":"post","link":"https:\/\/labestiapolitica.com.mx\/?p=84551","title":{"rendered":"Alfonso S\u00e1nchez suma al sector productivo de Tlaxco a un proyecto de unidad."},"content":{"rendered":"<ul>\n<li style=\"text-align: justify;\">Refrend\u00f3 que la transformaci\u00f3n en Tlaxcala tambi\u00e9n se construye escuchando a quienes trabajan y generan empleos<\/li>\n<\/ul>\n<p style=\"text-align: justify;\">Como parte de su labor para fortalecer la defensa de la transformaci\u00f3n Alfonso S\u00e1nchez Garc\u00eda sostuvo un encuentro con trabajadores y representantes del sector forestal, donde recibi\u00f3 muestras de respaldo a su proyecto basado en la unidad, la cercan\u00eda y el trabajo desde territorio.<\/p>\n<p style=\"text-align: justify;\">Durante la reuni\u00f3n, S\u00e1nchez Garc\u00eda destac\u00f3 que Tlaxcala debe avanzar de la mano de quienes todos los d\u00edas producen, invierten y generan empleos, porque son ellos quienes conocen de primera mano las necesidades y retos de cada regi\u00f3n.<\/p>\n<p style=\"text-align: justify;\">En este encuentro, Jes\u00fas L\u00f3pez M\u00e1rquez, de la Asociaci\u00f3n de Aserraderos y Forestales de Tlaxco, reconoci\u00f3 el liderazgo de Alfonso S\u00e1nchez Garc\u00eda y se\u00f1al\u00f3 que quienes integran el sector respaldan su proyecto porque es un hombre de trabajo, cercano a la gente y comprometido con Tlaxcala.<\/p>\n<p style=\"text-align: justify;\">Como parte de la visita, S\u00e1nchez Garc\u00eda observ\u00f3 el proceso de elaboraci\u00f3n de tarimas y pallets de madera, desde la transformaci\u00f3n de la materia prima hasta el producto terminado, constatando la importancia de esta actividad para la econom\u00eda regional.<\/p>\n<p>&nbsp;<\/p>\n<p><img loading=\"lazy\" decoding=\"async\" class=\"aligncenter wp-image-79046 size-large\" src=\"https:\/\/labestiapolitica.com.mx\/wp-content\/uploads\/2026\/07\/AJ-uni-819x1024.jpeg\" alt=\"\" width=\"640\" height=\"800\" srcset=\"https:\/\/labestiapolitica.com.mx\/wp-content\/uploads\/2026\/07\/AJ-uni-819x1024.jpeg 819w, https:\/\/labestiapolitica.com.mx\/wp-content\/uploads\/2026\/07\/AJ-uni-240x300.jpeg 240w, https:\/\/labestiapolitica.com.mx\/wp-content\/uploads\/2026\/07\/AJ-uni-768x960.jpeg 768w, https:\/\/labestiapolitica.com.mx\/wp-content\/uploads\/2026\/07\/AJ-uni.jpeg 1080w\" sizes=\"auto, (max-width: 640px) 100vw, 640px\" \/><\/p>\n","protected":false},"excerpt":{"rendered":"<p>Refrend\u00f3 que la transformaci\u00f3n en Tlaxcala tambi\u00e9n se construye escuchando a quienes trabajan y generan empleos Como parte de su labor para fortalecer la defensa de la transformaci\u00f3n Alfonso S\u00e1nchez Garc\u00eda sostuvo un encuentro con trabajadores y representantes del sector forestal, donde recibi\u00f3 muestras de respaldo a su proyecto basado en la unidad, la cercan\u00eda [&hellip;]<\/p>\n","protected":false},"author":5,"featured_media":84552,"comment_status":"open","ping_status":"open","sticky":false,"template":"","format":"standard","meta":{"footnotes":""},"categories":[7],"tags":[],"class_list":["post-84551","post","type-post","status-publish","format-standard","has-post-thumbnail","hentry","category-ciudadanos"],"amp_enabled":true,"_links":{"self":[{"href":"https:\/\/labestiapolitica.com.mx\/index.php?rest_route=\/wp\/v2\/posts\/84551","targetHints":{"allow":["GET"]}}],"collection":[{"href":"https:\/\/labestiapolitica.com.mx\/index.php?rest_route=\/wp\/v2\/posts"}],"about":[{"href":"https:\/\/labestiapolitica.com.mx\/index.php?rest_route=\/wp\/v2\/types\/post"}],"author":[{"embeddable":true,"href":"https:\/\/labestiapolitica.com.mx\/index.php?rest_route=\/wp\/v2\/users\/5"}],"replies":[{"embeddable":true,"href":"https:\/\/labestiapolitica.com.mx\/index.php?rest_route=%2Fwp%2Fv2%2Fcomments&post=84551"}],"version-history":[{"count":1,"href":"https:\/\/labestiapolitica.com.mx\/index.php?rest_route=\/wp\/v2\/posts\/84551\/revisions"}],"predecessor-version":[{"id":84553,"href":"https:\/\/labestiapolitica.com.mx\/index.php?rest_route=\/wp\/v2\/posts\/84551\/revisions\/84553"}],"wp:featuredmedia":[{"embeddable":true,"href":"https:\/\/labestiapolitica.com.mx\/index.php?rest_route=\/wp\/v2\/media\/84552"}],"wp:attachment":[{"href":"https:\/\/labestiapolitica.com.mx\/index.php?rest_route=%2Fwp%2Fv2%2Fmedia&parent=84551"}],"wp:term":[{"taxonomy":"category","embeddable":true,"href":"https:\/\/labestiapolitica.com.mx\/index.php?rest_route=%2Fwp%2Fv2%2Fcategories&post=84551"},{"taxonomy":"post_tag","embeddable":true,"href":"https:\/\/labestiapolitica.com.mx\/index.php?rest_route=%2Fwp%2Fv2%2Ftags&post=84551"}],"curies":[{"name":"wp","href":"https:\/\/api.w.org\/{rel}","templated":true}]}}