{"id":84554,"date":"2026-09-03T15:26:40","date_gmt":"2026-09-03T21:26:40","guid":{"rendered":"https:\/\/labestiapolitica.com.mx\/?p=84554"},"modified":"2026-09-03T15:26:40","modified_gmt":"2026-09-03T21:26:40","slug":"convoca-ayuntamiento-de-tlaxcala-a-secundarias-y-preparatorias-a-participar-en-nuevo-torneo-6x6","status":"publish","type":"post","link":"https:\/\/labestiapolitica.com.mx\/?p=84554","title":{"rendered":"Convoca Ayuntamiento de Tlaxcala a secundarias y preparatorias a participar en nuevo torneo 6&#215;6."},"content":{"rendered":"<ul>\n<li style=\"text-align: justify;\">Dar\u00e1 inicio el pr\u00f3ximo 7 de septiembre en la Unidad Deportiva Blas \u201cCharro\u201d Carvajal.<\/li>\n<\/ul>\n<p style=\"text-align: justify;\">El Ayuntamiento de Tlaxcala, a trav\u00e9s del Instituto Municipal del Deporte, invita a instituciones educativas de nivel secundaria y medio superior a participar en el Torneo Intersecundarias e Interprepas 6X6, que dar\u00e1 inicio el pr\u00f3ximo 7 de septiembre en la Unidad Deportiva Blas \u201cCharro\u201d Carvajal, como parte de las acciones para fomentar la activaci\u00f3n f\u00edsica, la sana convivencia y el desarrollo integral de las juventudes.<\/p>\n<p style=\"text-align: justify;\">El torneo contempla las categor\u00edas Intersecundarias, para j\u00f3venes nacidos entre 2012 y 2014, e Interprepas, para quienes nacieron entre 2009 y 2011. El equipo campe\u00f3n recibir\u00e1 2 mil 500 pesos y trofeo, mientras que el subcampe\u00f3n obtendr\u00e1 mil pesos y trofeo. Las inscripciones estar\u00e1n abiertas hasta el 4 de septiembre y podr\u00e1n realizarse al n\u00famero 246 447 1903.<\/p>\n<p style=\"text-align: justify;\">Con esta convocatoria, el Ayuntamiento impulsa un gobierno cercano, que escucha y que resuelve, al generar espacios donde las y los j\u00f3venes puedan desarrollar sus capacidades, fortalecer valores como la disciplina, el respeto y el trabajo en equipo, y disfrutar de actividades que contribuyen a una vida m\u00e1s saludable.<\/p>\n<p style=\"text-align: justify;\">Cabe destacar que el impulso al deporte ha sido una prioridad de la presente administraci\u00f3n desde la gesti\u00f3n de Alfonso S\u00e1nchez Garc\u00eda, ahora alcalde con licencia, y mantiene continuidad con el presidente municipal Carlos L\u00f3pez Su\u00e1rez, quien da seguimiento a las acciones para fortalecer la infraestructura y las actividades deportivas en la capital.<\/p>\n<p>&nbsp;<\/p>\n<p><img loading=\"lazy\" decoding=\"async\" class=\"aligncenter wp-image-79046 size-large\" src=\"https:\/\/labestiapolitica.com.mx\/wp-content\/uploads\/2026\/07\/AJ-uni-819x1024.jpeg\" alt=\"\" width=\"640\" height=\"800\" srcset=\"https:\/\/labestiapolitica.com.mx\/wp-content\/uploads\/2026\/07\/AJ-uni-819x1024.jpeg 819w, https:\/\/labestiapolitica.com.mx\/wp-content\/uploads\/2026\/07\/AJ-uni-240x300.jpeg 240w, https:\/\/labestiapolitica.com.mx\/wp-content\/uploads\/2026\/07\/AJ-uni-768x960.jpeg 768w, https:\/\/labestiapolitica.com.mx\/wp-content\/uploads\/2026\/07\/AJ-uni.jpeg 1080w\" sizes=\"auto, (max-width: 640px) 100vw, 640px\" \/><\/p>\n","protected":false},"excerpt":{"rendered":"<p>Dar\u00e1 inicio el pr\u00f3ximo 7 de septiembre en la Unidad Deportiva Blas \u201cCharro\u201d Carvajal. El Ayuntamiento de Tlaxcala, a trav\u00e9s del Instituto Municipal del Deporte, invita a instituciones educativas de nivel secundaria y medio superior a participar en el Torneo Intersecundarias e Interprepas 6X6, que dar\u00e1 inicio el pr\u00f3ximo 7 de septiembre en la Unidad [&hellip;]<\/p>\n","protected":false},"author":5,"featured_media":84555,"comment_status":"open","ping_status":"open","sticky":false,"template":"","format":"standard","meta":{"footnotes":""},"categories":[216,214],"tags":[],"class_list":["post-84554","post","type-post","status-publish","format-standard","has-post-thumbnail","hentry","category-municipios","category-tlaxcala-capital"],"amp_enabled":true,"_links":{"self":[{"href":"https:\/\/labestiapolitica.com.mx\/index.php?rest_route=\/wp\/v2\/posts\/84554","targetHints":{"allow":["GET"]}}],"collection":[{"href":"https:\/\/labestiapolitica.com.mx\/index.php?rest_route=\/wp\/v2\/posts"}],"about":[{"href":"https:\/\/labestiapolitica.com.mx\/index.php?rest_route=\/wp\/v2\/types\/post"}],"author":[{"embeddable":true,"href":"https:\/\/labestiapolitica.com.mx\/index.php?rest_route=\/wp\/v2\/users\/5"}],"replies":[{"embeddable":true,"href":"https:\/\/labestiapolitica.com.mx\/index.php?rest_route=%2Fwp%2Fv2%2Fcomments&post=84554"}],"version-history":[{"count":1,"href":"https:\/\/labestiapolitica.com.mx\/index.php?rest_route=\/wp\/v2\/posts\/84554\/revisions"}],"predecessor-version":[{"id":84558,"href":"https:\/\/labestiapolitica.com.mx\/index.php?rest_route=\/wp\/v2\/posts\/84554\/revisions\/84558"}],"wp:featuredmedia":[{"embeddable":true,"href":"https:\/\/labestiapolitica.com.mx\/index.php?rest_route=\/wp\/v2\/media\/84555"}],"wp:attachment":[{"href":"https:\/\/labestiapolitica.com.mx\/index.php?rest_route=%2Fwp%2Fv2%2Fmedia&parent=84554"}],"wp:term":[{"taxonomy":"category","embeddable":true,"href":"https:\/\/labestiapolitica.com.mx\/index.php?rest_route=%2Fwp%2Fv2%2Fcategories&post=84554"},{"taxonomy":"post_tag","embeddable":true,"href":"https:\/\/labestiapolitica.com.mx\/index.php?rest_route=%2Fwp%2Fv2%2Ftags&post=84554"}],"curies":[{"name":"wp","href":"https:\/\/api.w.org\/{rel}","templated":true}]}}